{"id":28165,"date":"2018-11-30T15:21:40","date_gmt":"2018-11-30T18:21:40","guid":{"rendered":"http:\/\/compras.tierradelfuego.gov.ar\/?p=28165"},"modified":"2018-11-30T18:24:49","modified_gmt":"2018-11-30T21:24:49","slug":"compra-directa-n-2818-llamado-0118-contratacion-de-un-idoneo-en-redeterminacion-de-precios-por-el-termino-de-12-meses","status":"publish","type":"post","link":"https:\/\/compras.tierradelfuego.gob.ar\/?p=28165","title":{"rendered":"COMPRA DIRECTA N\u00b0  28\/18  &#8211; LLAMADO 01\/18 CONTRATACI\u00d3N DE UN ID\u00d3NEO EN REDETERMINACI\u00d3N DE PRECIOS POR EL T\u00c9RMINO DE 12 MESES."},"content":{"rendered":"<p><strong>COMPRA DIRECTA N\u00b0 \u00a028\/18\u00a0 &#8211; LLAMADO 01\/18 &#8211;\u00a0<\/strong> EXPTE. N\u00b0 \u00a03163\/18 &#8211; \u00a0<strong>CONTRATACI\u00d3N DE\u00a0UN ID\u00d3NEO EN REDETERMINACI\u00d3N DE PRECIOS POR EL T\u00c9RMINO DE 12 MESES. \u00a0<\/strong><\/p>\n<p><strong>RECEPCI\u00d3N DE OFERTAS:<\/strong> &#8211; LA PRESENTE CONTRATACI\u00d3N ES MERAMENTE INFORMATIVA, POR LO CU\u00c1L NO SE RECIBIR\u00c1N OFERTAS.<\/p>\n<p><strong>\u00a0<\/strong><br \/>\n<strong>LUGAR DE RECEPCI\u00d3N:<\/strong> &#8211; DEPARTAMENTO COMPRAS Y CONTRATACIONES<\/p>\n<p>INSTITUTO PROVINCIAL DE VIVIENDA.<\/p>\n<p><strong>CONTACTO:<\/strong> TEL. \u00a0Y\/O MAIL DE CONTACTO PARA PROVEEDORES EN CASO DE CONSULTAS: (02901) 422-283 INTERNO 1113 \/\u00a0M_ZUNDA@IPVTDF.GOV.AR<\/p>\n<p><strong>PRESUPUESTO OFICIAL:<\/strong> $ 496.887,60<\/p>\n<p><strong><a href=\"http:\/\/compras.tierradelfuego.gov.ar\/wp-content\/uploads\/2018\/11\/COMPRA-DIRECTA-N\u00b0-28-18-IPV.pdf\">DESCARGAR &#8211; COMPRA DIRECTA N\u00b0 28\/18 &#8211; IPV<\/a><\/strong><\/p>\n","protected":false},"excerpt":{"rendered":"<p>COMPRA DIRECTA N\u00b0 \u00a028\/18\u00a0 &#8211; LLAMADO 01\/18 &#8211;\u00a0 EXPTE. N\u00b0 \u00a03163\/18 &#8211; \u00a0CONTRATACI\u00d3N DE\u00a0UN ID\u00d3NEO EN REDETERMINACI\u00d3N DE PRECIOS POR EL T\u00c9RMINO DE 12 MESES. \u00a0 RECEPCI\u00d3N DE OFERTAS: &#8211; LA PRESENTE CONTRATACI\u00d3N ES MERAMENTE INFORMATIVA, POR LO CU\u00c1L NO SE RECIBIR\u00c1N OFERTAS. \u00a0 LUGAR DE RECEPCI\u00d3N: &#8211; DEPARTAMENTO COMPRAS Y CONTRATACIONES INSTITUTO PROVINCIAL DE [&hellip;]<\/p>\n","protected":false},"author":1,"featured_media":0,"comment_status":"open","ping_status":"open","sticky":false,"template":"","format":"standard","meta":{"footnotes":""},"categories":[3,11,16],"tags":[],"class_list":["post-28165","post","type-post","status-publish","format-standard","hentry","category-compras","category-directa","category-instituto-provincial-de-la-vivienda-ipv"],"_links":{"self":[{"href":"https:\/\/compras.tierradelfuego.gob.ar\/index.php?rest_route=\/wp\/v2\/posts\/28165","targetHints":{"allow":["GET"]}}],"collection":[{"href":"https:\/\/compras.tierradelfuego.gob.ar\/index.php?rest_route=\/wp\/v2\/posts"}],"about":[{"href":"https:\/\/compras.tierradelfuego.gob.ar\/index.php?rest_route=\/wp\/v2\/types\/post"}],"author":[{"embeddable":true,"href":"https:\/\/compras.tierradelfuego.gob.ar\/index.php?rest_route=\/wp\/v2\/users\/1"}],"replies":[{"embeddable":true,"href":"https:\/\/compras.tierradelfuego.gob.ar\/index.php?rest_route=%2Fwp%2Fv2%2Fcomments&post=28165"}],"version-history":[{"count":0,"href":"https:\/\/compras.tierradelfuego.gob.ar\/index.php?rest_route=\/wp\/v2\/posts\/28165\/revisions"}],"wp:attachment":[{"href":"https:\/\/compras.tierradelfuego.gob.ar\/index.php?rest_route=%2Fwp%2Fv2%2Fmedia&parent=28165"}],"wp:term":[{"taxonomy":"category","embeddable":true,"href":"https:\/\/compras.tierradelfuego.gob.ar\/index.php?rest_route=%2Fwp%2Fv2%2Fcategories&post=28165"},{"taxonomy":"post_tag","embeddable":true,"href":"https:\/\/compras.tierradelfuego.gob.ar\/index.php?rest_route=%2Fwp%2Fv2%2Ftags&post=28165"}],"curies":[{"name":"wp","href":"https:\/\/api.w.org\/{rel}","templated":true}]}}