{"id":280311,"date":"2026-07-21T10:31:37","date_gmt":"2026-07-21T13:31:37","guid":{"rendered":"https:\/\/compras.tierradelfuego.gob.ar\/?p=280311"},"modified":"2026-07-21T10:34:10","modified_gmt":"2026-07-21T13:34:10","slug":"adjudicacion-resolucion-i-p-v-y-h-no-1034-2026-compra-32-26-raf23-n-de-expediente1001-26-objeto-de-la-contratacion-cdas-tecnico-en-redes-por-6-meses-para-una-jor","status":"publish","type":"post","link":"https:\/\/compras.tierradelfuego.gob.ar\/?p=280311","title":{"rendered":"ADJUDICACI\u00d3N \u2013 RESOLUCI\u00d3N I.P.V. Y H. N\u00ba 1034-2026. COMPRA: 32\/26 (RAF23)  N\u00b0 DE EXPEDIENTE:1001\/26  OBJETO DE LA CONTRATACI\u00d3N:\u00a0\u00a0CD(AS) T\u00c9CNICO EN REDES POR 6 MESES PARA UNA JORNADA DE TRABAJO DE LUNES A VIERNES DE 7 HORAS."},"content":{"rendered":"<p>ADJUDICACI\u00d3N\u00a0N\u00b0 DE COMPRA: 32\/26 (RAF23)<\/p>\n<p>N\u00b0 DE EXPEDIENTE:1001\/26<\/p>\n<p>OBJETO DE LA CONTRATACI\u00d3N:\u00a0\u00a0CD(AS) T\u00c9CNICO EN REDES POR 6 MESES PARA UNA JORNADA DE TRABAJO DE LUNES A VIERNES DE 7 HORAS.<\/p>\n<p>DIFUSI\u00d3N: ADJUDICACI\u00d3N \u2013 RESOLUCI\u00d3N I.P.V. Y H. N\u00ba 1034-2026.<\/p>\n<p><strong><a href=\"https:\/\/compras.tierradelfuego.gob.ar\/wp-content\/uploads\/2026\/07\/res-adj-simple-tamargo.pdf\">res-adj-simple-tamargo<\/a><\/strong><\/p>\n<p>&nbsp;<\/p>\n","protected":false},"excerpt":{"rendered":"<p>ADJUDICACI\u00d3N\u00a0N\u00b0 DE COMPRA: 32\/26 (RAF23) N\u00b0 DE EXPEDIENTE:1001\/26 OBJETO DE LA CONTRATACI\u00d3N:\u00a0\u00a0CD(AS) T\u00c9CNICO EN REDES POR 6 MESES PARA UNA JORNADA DE TRABAJO DE LUNES A VIERNES DE 7 HORAS. DIFUSI\u00d3N: ADJUDICACI\u00d3N \u2013 RESOLUCI\u00d3N I.P.V. Y H. N\u00ba 1034-2026. res-adj-simple-tamargo &nbsp;<\/p>\n","protected":false},"author":20,"featured_media":0,"comment_status":"closed","ping_status":"closed","sticky":false,"template":"","format":"standard","meta":{"footnotes":""},"categories":[186,3,11,16],"tags":[],"class_list":["post-280311","post","type-post","status-publish","format-standard","hentry","category-adjudicadas","category-compras","category-directa","category-instituto-provincial-de-la-vivienda-ipv"],"_links":{"self":[{"href":"https:\/\/compras.tierradelfuego.gob.ar\/index.php?rest_route=\/wp\/v2\/posts\/280311","targetHints":{"allow":["GET"]}}],"collection":[{"href":"https:\/\/compras.tierradelfuego.gob.ar\/index.php?rest_route=\/wp\/v2\/posts"}],"about":[{"href":"https:\/\/compras.tierradelfuego.gob.ar\/index.php?rest_route=\/wp\/v2\/types\/post"}],"author":[{"embeddable":true,"href":"https:\/\/compras.tierradelfuego.gob.ar\/index.php?rest_route=\/wp\/v2\/users\/20"}],"replies":[{"embeddable":true,"href":"https:\/\/compras.tierradelfuego.gob.ar\/index.php?rest_route=%2Fwp%2Fv2%2Fcomments&post=280311"}],"version-history":[{"count":1,"href":"https:\/\/compras.tierradelfuego.gob.ar\/index.php?rest_route=\/wp\/v2\/posts\/280311\/revisions"}],"predecessor-version":[{"id":280313,"href":"https:\/\/compras.tierradelfuego.gob.ar\/index.php?rest_route=\/wp\/v2\/posts\/280311\/revisions\/280313"}],"wp:attachment":[{"href":"https:\/\/compras.tierradelfuego.gob.ar\/index.php?rest_route=%2Fwp%2Fv2%2Fmedia&parent=280311"}],"wp:term":[{"taxonomy":"category","embeddable":true,"href":"https:\/\/compras.tierradelfuego.gob.ar\/index.php?rest_route=%2Fwp%2Fv2%2Fcategories&post=280311"},{"taxonomy":"post_tag","embeddable":true,"href":"https:\/\/compras.tierradelfuego.gob.ar\/index.php?rest_route=%2Fwp%2Fv2%2Ftags&post=280311"}],"curies":[{"name":"wp","href":"https:\/\/api.w.org\/{rel}","templated":true}]}}