{"id":271905,"date":"2026-04-30T16:07:59","date_gmt":"2026-04-30T19:07:59","guid":{"rendered":"https:\/\/compras.tierradelfuego.gob.ar\/?p=271905"},"modified":"2026-04-30T16:08:06","modified_gmt":"2026-04-30T19:08:06","slug":"compra-directa-05-2026-raf-disposicion-d-g-l-n-03-26-expediente-37839-2026-llamado-a-compra-directa-no-05-2026-raf-103-referente-a-la-contratacion-de-un-seguro-de-caucion-de-acuerdo-con-lo","status":"publish","type":"post","link":"https:\/\/compras.tierradelfuego.gob.ar\/?p=271905","title":{"rendered":"COMPRA DIRECTA 05\/2026 RAF DISPOSICI\u00d3N D.G.L. N\u00b0 03 \/26.  Expediente  37839-2026 llamado a Compra Directa N\u00ba 05\/2026 RAF 103, referente a la contrataci\u00f3n de un seguro de cauci\u00f3n de acuerdo con lo requerido en el Acta del Comit\u00e9 Ejecutivo del Fondo para la Ampliaci\u00f3n de la Matriz Productiva Fueguina (FAMP-FUEGUINA), Referencia: Acta del Comit\u00e9 Ejecutivo FAMP-Fueguina. Reuni\u00f3n 26\/03\/26. Consideraci\u00f3n proyecto \u201cAdquisici\u00f3n de Ambulancias para el Fortalecimiento de la Infraestructura Sanitaria Estrat\u00e9gica de la Provincia\u201d (I  Provinciales 1015, art\u00edculo 18\u00b0, inciso m)"},"content":{"rendered":"<div data-olk-copy-source=\"MessageBody\">COMPRA DIRECTA 05\/2026 RAF<\/div>\n<div><u>DISPOSICI\u00d3N D.G.L. N\u00b0 03 \/26.<\/u><\/div>\n<div><\/div>\n<div>Expediente\u00a0\u00a037839-2026<\/div>\n<div>llamado a Compra Directa N\u00ba 05\/2026 RAF 103, referente a la contrataci\u00f3n de un seguro de cauci\u00f3n de acuerdo con lo requerido en el Acta del Comit\u00e9 Ejecutivo del Fondo para la Ampliaci\u00f3n de la Matriz Productiva Fueguina (FAMP-FUEGUINA), Referencia: Acta del Comit\u00e9 Ejecutivo FAMP-Fueguina. Reuni\u00f3n 26\/03\/26. Consideraci\u00f3n proyecto \u201cAdquisici\u00f3n de Ambulancias para el Fortalecimiento de la Infraestructura Sanitaria Estrat\u00e9gica de la Provincia\u201d (I<\/div>\n<div><\/div>\n<div>Provinciales 1015, art\u00edculo 18\u00b0, inciso m)<\/div>\n<div><\/div>\n<div><\/div>\n<div><a href=\"https:\/\/compras.tierradelfuego.gob.ar\/wp-content\/uploads\/2026\/04\/disposicion-ggl-03-26.pdf\">disposicion-ggl-03-26<\/a><\/div>\n","protected":false},"excerpt":{"rendered":"<p>COMPRA DIRECTA 05\/2026 RAF DISPOSICI\u00d3N D.G.L. N\u00b0 03 \/26. Expediente\u00a0\u00a037839-2026 llamado a Compra Directa N\u00ba 05\/2026 RAF 103, referente a la contrataci\u00f3n de un seguro de cauci\u00f3n de acuerdo con lo requerido en el Acta del Comit\u00e9 Ejecutivo del Fondo para la Ampliaci\u00f3n de la Matriz Productiva Fueguina (FAMP-FUEGUINA), Referencia: Acta del Comit\u00e9 Ejecutivo FAMP-Fueguina. [&hellip;]<\/p>\n","protected":false},"author":17,"featured_media":0,"comment_status":"closed","ping_status":"closed","sticky":false,"template":"","format":"standard","meta":{"footnotes":""},"categories":[3,11,21],"tags":[],"class_list":["post-271905","post","type-post","status-publish","format-standard","hentry","category-compras","category-directa","category-ministerio-de-economia"],"_links":{"self":[{"href":"https:\/\/compras.tierradelfuego.gob.ar\/index.php?rest_route=\/wp\/v2\/posts\/271905","targetHints":{"allow":["GET"]}}],"collection":[{"href":"https:\/\/compras.tierradelfuego.gob.ar\/index.php?rest_route=\/wp\/v2\/posts"}],"about":[{"href":"https:\/\/compras.tierradelfuego.gob.ar\/index.php?rest_route=\/wp\/v2\/types\/post"}],"author":[{"embeddable":true,"href":"https:\/\/compras.tierradelfuego.gob.ar\/index.php?rest_route=\/wp\/v2\/users\/17"}],"replies":[{"embeddable":true,"href":"https:\/\/compras.tierradelfuego.gob.ar\/index.php?rest_route=%2Fwp%2Fv2%2Fcomments&post=271905"}],"version-history":[{"count":1,"href":"https:\/\/compras.tierradelfuego.gob.ar\/index.php?rest_route=\/wp\/v2\/posts\/271905\/revisions"}],"predecessor-version":[{"id":271907,"href":"https:\/\/compras.tierradelfuego.gob.ar\/index.php?rest_route=\/wp\/v2\/posts\/271905\/revisions\/271907"}],"wp:attachment":[{"href":"https:\/\/compras.tierradelfuego.gob.ar\/index.php?rest_route=%2Fwp%2Fv2%2Fmedia&parent=271905"}],"wp:term":[{"taxonomy":"category","embeddable":true,"href":"https:\/\/compras.tierradelfuego.gob.ar\/index.php?rest_route=%2Fwp%2Fv2%2Fcategories&post=271905"},{"taxonomy":"post_tag","embeddable":true,"href":"https:\/\/compras.tierradelfuego.gob.ar\/index.php?rest_route=%2Fwp%2Fv2%2Ftags&post=271905"}],"curies":[{"name":"wp","href":"https:\/\/api.w.org\/{rel}","templated":true}]}}