{"id":271883,"date":"2026-04-30T14:57:26","date_gmt":"2026-04-30T17:57:26","guid":{"rendered":"https:\/\/compras.tierradelfuego.gob.ar\/?p=271883"},"modified":"2026-04-30T14:57:37","modified_gmt":"2026-04-30T17:57:37","slug":"contratacion-directa-compulsa-abreviada-n-04-2026-raf-609-llamado-n-01-expediente-mjg-e-40215-2026-objeto-s-adquisicion-de-neumaticos-de-invierno-destinado","status":"publish","type":"post","link":"https:\/\/compras.tierradelfuego.gob.ar\/?p=271883","title":{"rendered":"CONTRATACI\u00d3N DIRECTA (Compulsa Abreviada) N\u00b0\u00a0 04\/2026\u2013 RAF 609 LLAMADO N\u00b0 01 EXPEDIENTE:\u00a0MJG-E-40215-2026 OBJETO: \u201cS\/Adquisici\u00f3n de Neum\u00e1ticos de invierno destinados a los m\u00f3viles oficiales pertenecientes a la Flota Vehicular de la Secretar\u00eda de Protecci\u00f3n Civil"},"content":{"rendered":"<div class=\"x_elementToProof\">CONTRATACI\u00d3N DIRECTA (Compulsa Abreviada) N\u00b0\u00a0 04\/2026\u2013 RAF 609<\/div>\n<div class=\"x_elementToProof\">LLAMADO N\u00b0 01<\/div>\n<div class=\"x_elementToProof\">EXPEDIENTE:\u00a0MJG-E-40215-2026<\/div>\n<div class=\"x_elementToProof\">OBJETO: \u201cS\/Adquisici\u00f3n de Neum\u00e1ticos de invierno destinados a los m\u00f3viles oficiales pertenecientes a la Flota Vehicular de la Secretar\u00eda de Protecci\u00f3n Civil<\/div>\n<div class=\"x_elementToProof\">FECHA DE RECEPCI\u00d3N DE OFERTAS: 04\/05\/2026 &#8211; 12:00 HS<\/div>\n<div class=\"x_elementToProof\">LUGAR DE PRESENTACI\u00d3N DE OFERTAS: PERSONALMENTE EN SAN MART\u00cdN N\u00ba 450, 2do PISO- OFICINA 72 (USHUAIA, TIERRA DEL FUEGO), O ELECTR\u00d3NICAMENTE A LA CASILLA DE CORREO INSTITUCIONAL gcapurro@tierradelfuego.gob.ar<\/div>\n<div class=\"x_elementToProof\"><\/div>\n<div><\/div>\n<div><\/div>\n<div><a href=\"https:\/\/compras.tierradelfuego.gob.ar\/wp-content\/uploads\/2026\/04\/resol-70-26-resolucion-convocatoria-c2fd.pdf\">resol-70-26-resolucion-convocatoria-c2fd<\/a><\/div>\n<div><\/div>\n<div><a href=\"https:\/\/compras.tierradelfuego.gob.ar\/wp-content\/uploads\/2026\/04\/pliego-de-compra-cfd.pdf\">pliego-de-compra-cfd<\/a><\/div>\n","protected":false},"excerpt":{"rendered":"<p>CONTRATACI\u00d3N DIRECTA (Compulsa Abreviada) N\u00b0\u00a0 04\/2026\u2013 RAF 609 LLAMADO N\u00b0 01 EXPEDIENTE:\u00a0MJG-E-40215-2026 OBJETO: \u201cS\/Adquisici\u00f3n de Neum\u00e1ticos de invierno destinados a los m\u00f3viles oficiales pertenecientes a la Flota Vehicular de la Secretar\u00eda de Protecci\u00f3n Civil FECHA DE RECEPCI\u00d3N DE OFERTAS: 04\/05\/2026 &#8211; 12:00 HS LUGAR DE PRESENTACI\u00d3N DE OFERTAS: PERSONALMENTE EN SAN MART\u00cdN N\u00ba 450, 2do [&hellip;]<\/p>\n","protected":false},"author":17,"featured_media":0,"comment_status":"closed","ping_status":"closed","sticky":false,"template":"","format":"standard","meta":{"footnotes":""},"categories":[3,11,102],"tags":[],"class_list":["post-271883","post","type-post","status-publish","format-standard","hentry","category-compras","category-directa","category-ministerio-de-jefatura-de-gabinete"],"_links":{"self":[{"href":"https:\/\/compras.tierradelfuego.gob.ar\/index.php?rest_route=\/wp\/v2\/posts\/271883","targetHints":{"allow":["GET"]}}],"collection":[{"href":"https:\/\/compras.tierradelfuego.gob.ar\/index.php?rest_route=\/wp\/v2\/posts"}],"about":[{"href":"https:\/\/compras.tierradelfuego.gob.ar\/index.php?rest_route=\/wp\/v2\/types\/post"}],"author":[{"embeddable":true,"href":"https:\/\/compras.tierradelfuego.gob.ar\/index.php?rest_route=\/wp\/v2\/users\/17"}],"replies":[{"embeddable":true,"href":"https:\/\/compras.tierradelfuego.gob.ar\/index.php?rest_route=%2Fwp%2Fv2%2Fcomments&post=271883"}],"version-history":[{"count":1,"href":"https:\/\/compras.tierradelfuego.gob.ar\/index.php?rest_route=\/wp\/v2\/posts\/271883\/revisions"}],"predecessor-version":[{"id":271886,"href":"https:\/\/compras.tierradelfuego.gob.ar\/index.php?rest_route=\/wp\/v2\/posts\/271883\/revisions\/271886"}],"wp:attachment":[{"href":"https:\/\/compras.tierradelfuego.gob.ar\/index.php?rest_route=%2Fwp%2Fv2%2Fmedia&parent=271883"}],"wp:term":[{"taxonomy":"category","embeddable":true,"href":"https:\/\/compras.tierradelfuego.gob.ar\/index.php?rest_route=%2Fwp%2Fv2%2Fcategories&post=271883"},{"taxonomy":"post_tag","embeddable":true,"href":"https:\/\/compras.tierradelfuego.gob.ar\/index.php?rest_route=%2Fwp%2Fv2%2Ftags&post=271883"}],"curies":[{"name":"wp","href":"https:\/\/api.w.org\/{rel}","templated":true}]}}