{"id":271841,"date":"2026-04-30T14:26:30","date_gmt":"2026-04-30T17:26:30","guid":{"rendered":"https:\/\/compras.tierradelfuego.gob.ar\/?p=271841"},"modified":"2026-04-30T14:27:24","modified_gmt":"2026-04-30T17:27:24","slug":"licitacion-privada-n-01-26-expediente-n-174-26-resolucion-n-301-26-objeto-s-contratacion-de-seguro-automotor-seguro-tecnico-y-motovehiculo-para-las-unidade","status":"publish","type":"post","link":"https:\/\/compras.tierradelfuego.gob.ar\/?p=271841","title":{"rendered":"LICITACI\u00d3N PRIVADA N\u00b0 01\/26\u00a0    EXPEDIENTE N\u00b0 174\/26 RESOLUCI\u00d3N N\u00b0 301\/26   OBJETO:\u00a0\u201cS\/CONTRATACI\u00d3N DE SEGURO AUTOMOTOR, SEGURO T\u00c9CNICO Y MOTOVEHICULO PARA LAS UNIDADES DE LA DIRECCI\u00d3N PROVINCIAL DE VIALIDAD- CONTRATACI\u00d3N ANUAL\u201d\u00a0"},"content":{"rendered":"<p><span style=\"color: #000000; font-family: arial, sans-serif;\" data-olk-copy-source=\"MessageBody\">LICITACI\u00d3N PRIVADA N\u00b0 01\/26\u00a0<\/span><\/p>\n<div><span style=\"color: #000000; font-family: arial, sans-serif;\">\u00a0<\/span><\/div>\n<div><span style=\"color: #000000; font-family: arial, sans-serif;\">EXPEDIENTE N\u00b0 174\/26 RESOLUCI\u00d3N N\u00b0 301\/26<\/span><\/div>\n<div><span style=\"color: #000000; font-family: arial, sans-serif;\">\u00a0<\/span><\/div>\n<div><span style=\"color: #000000; font-family: arial, sans-serif;\">OBJETO:\u00a0\u201cS\/CONTRATACI\u00d3N DE SEGURO AUTOMOTOR, SEGURO T\u00c9CNICO Y MOTOVEHICULO PARA LAS UNIDADES DE LA DIRECCI\u00d3N PROVINCIAL DE VIALIDAD- CONTRATACI\u00d3N ANUAL\u201d\u00a0<\/span><\/div>\n<div><span style=\"color: #000000; font-family: arial, sans-serif;\">\u00a0<\/span><\/div>\n<div><span style=\"color: #000000; font-family: arial, sans-serif;\">PRESUPUESTO OFICIAL:\u00a0\u00a0PESOS CIENTO TREINTA MILLONES NOVECIENTOS DIECISIETE MIL DOSCIENTOS SETENTA Y NUEVE CON 40\/100 CTVOS ($130.917.279,40.-)<\/span><\/div>\n<div><span style=\"color: #000000; font-family: arial, sans-serif;\">\u00a0<\/span><\/div>\n<div><span style=\"color: #000000; font-family: arial, sans-serif;\">FECHA L\u00cdMITE DE RECEPCI\u00d3N DE OFERTAS: 12\/05\/2026 \u2013 13:00 hs.\u00a0<\/span><\/div>\n<div><span style=\"color: #000000; font-family: arial, sans-serif;\">FECHA DE APERTURA: 12\/05\/2026 a las 13:00 hs.\u00a0<\/span><\/div>\n<div><span style=\"color: #000000; font-family: arial, sans-serif;\">LUGAR DE RECEPCI\u00d3N DE SOBRES Y APERTURA: Calle Pedro Giacchino N\u00ba 6915, (Ex Camp YPF) ciudad de Rio Grande, Provincia de Tierra del Fuego.\u00a0<\/span><\/div>\n<div><span style=\"color: #000000; font-family: arial, sans-serif;\">VALOR DEL PLIEGO: Sin valor econ\u00f3mico.\u00a0<\/span><\/div>\n<div><span style=\"color: #000000; font-family: arial, sans-serif;\">CONSULTA:\u00a0<a title=\"mailto:comprasdpv2@gmail.com\" href=\"mailto:comprasdpv2@gmail.com\" data-linkindex=\"0\">comprasdpv2@gmail.com<\/a>\u00a0\u00f3\u00a0<a title=\"mailto:da.dpv.tdf@gmail.com\" href=\"mailto:da.dpv.tdf@gmail.com\" data-linkindex=\"1\">da.dpv.tdf@gmail.com<\/a>\u00a0 \u00a0 \u00a0 \u00a0 \u00a0 \u00a0 \u00a0 \u00a0 \u00a0 \u00a0 \u00a0 \u00a0 \u00a0 \u00a0 \u00a0 \u00a0 \u00a0 \u00a0 \u00a0 \u00a0 \u00a0 \u00a0 \u00a0 \u00a0 \u00a0 \u00a0<\/span><b>Se aclara que en el formulario de cotizaci\u00f3n solo deber\u00e1n llenar los items n\u00b01,3 y 5. los \u00edtems que dicen ajuste por redondeo NO<\/b><\/div>\n<div><\/div>\n<div><\/div>\n<div><a href=\"https:\/\/compras.tierradelfuego.gob.ar\/wp-content\/uploads\/2026\/04\/pliego-de-bases-y-condiciones-generales-y-particulares-seguro-2026.pdf\">pliego-de-bases-y-condiciones-generales-y-particulares-seguro-2026<\/a><\/div>\n<div><\/div>\n<div><\/div>\n<div><a href=\"https:\/\/compras.tierradelfuego.gob.ar\/wp-content\/uploads\/2026\/04\/solicitud_cotizacion-nro-1-ejer-2026-raf-24-rnd-2394.pdf\">solicitud_cotizacion-nro-1-ejer-2026-raf-24-rnd-2394<\/a><\/div>\n<div><\/div>\n<div><\/div>\n<div><a href=\"https:\/\/compras.tierradelfuego.gob.ar\/wp-content\/uploads\/2026\/04\/resolucion-de-autorizacion-contr-de-seguro-automotor-motovehiculo-y-tecnico-.pdf\">resolucion-de-autorizacion-contr-de-seguro-automotor-motovehiculo-y-tecnico-<\/a><\/div>\n<div><\/div>\n<div><\/div>\n<div><a href=\"https:\/\/compras.tierradelfuego.gob.ar\/wp-content\/uploads\/2026\/04\/resolucion-de-autorizacion-contr-de-seguro-automotor-motovehiculo-y-tecnico-1.pdf\">resolucion-de-autorizacion-contr-de-seguro-automotor-motovehiculo-y-tecnico-1<\/a><\/div>\n","protected":false},"excerpt":{"rendered":"<p>LICITACI\u00d3N PRIVADA N\u00b0 01\/26\u00a0 \u00a0 EXPEDIENTE N\u00b0 174\/26 RESOLUCI\u00d3N N\u00b0 301\/26 \u00a0 OBJETO:\u00a0\u201cS\/CONTRATACI\u00d3N DE SEGURO AUTOMOTOR, SEGURO T\u00c9CNICO Y MOTOVEHICULO PARA LAS UNIDADES DE LA DIRECCI\u00d3N PROVINCIAL DE VIALIDAD- CONTRATACI\u00d3N ANUAL\u201d\u00a0 \u00a0 PRESUPUESTO OFICIAL:\u00a0\u00a0PESOS CIENTO TREINTA MILLONES NOVECIENTOS DIECISIETE MIL DOSCIENTOS SETENTA Y NUEVE CON 40\/100 CTVOS ($130.917.279,40.-) \u00a0 FECHA L\u00cdMITE DE RECEPCI\u00d3N DE OFERTAS: [&hellip;]<\/p>\n","protected":false},"author":17,"featured_media":0,"comment_status":"closed","ping_status":"closed","sticky":false,"template":"","format":"standard","meta":{"footnotes":""},"categories":[3,10,18],"tags":[],"class_list":["post-271841","post","type-post","status-publish","format-standard","hentry","category-compras","category-direccion-provincial-de-vialidad","category-licitacion-privada"],"_links":{"self":[{"href":"https:\/\/compras.tierradelfuego.gob.ar\/index.php?rest_route=\/wp\/v2\/posts\/271841","targetHints":{"allow":["GET"]}}],"collection":[{"href":"https:\/\/compras.tierradelfuego.gob.ar\/index.php?rest_route=\/wp\/v2\/posts"}],"about":[{"href":"https:\/\/compras.tierradelfuego.gob.ar\/index.php?rest_route=\/wp\/v2\/types\/post"}],"author":[{"embeddable":true,"href":"https:\/\/compras.tierradelfuego.gob.ar\/index.php?rest_route=\/wp\/v2\/users\/17"}],"replies":[{"embeddable":true,"href":"https:\/\/compras.tierradelfuego.gob.ar\/index.php?rest_route=%2Fwp%2Fv2%2Fcomments&post=271841"}],"version-history":[{"count":3,"href":"https:\/\/compras.tierradelfuego.gob.ar\/index.php?rest_route=\/wp\/v2\/posts\/271841\/revisions"}],"predecessor-version":[{"id":271848,"href":"https:\/\/compras.tierradelfuego.gob.ar\/index.php?rest_route=\/wp\/v2\/posts\/271841\/revisions\/271848"}],"wp:attachment":[{"href":"https:\/\/compras.tierradelfuego.gob.ar\/index.php?rest_route=%2Fwp%2Fv2%2Fmedia&parent=271841"}],"wp:term":[{"taxonomy":"category","embeddable":true,"href":"https:\/\/compras.tierradelfuego.gob.ar\/index.php?rest_route=%2Fwp%2Fv2%2Fcategories&post=271841"},{"taxonomy":"post_tag","embeddable":true,"href":"https:\/\/compras.tierradelfuego.gob.ar\/index.php?rest_route=%2Fwp%2Fv2%2Ftags&post=271841"}],"curies":[{"name":"wp","href":"https:\/\/api.w.org\/{rel}","templated":true}]}}