{"id":271827,"date":"2026-04-30T12:31:20","date_gmt":"2026-04-30T15:31:20","guid":{"rendered":"https:\/\/compras.tierradelfuego.gob.ar\/?p=271827"},"modified":"2026-04-30T12:31:20","modified_gmt":"2026-04-30T15:31:20","slug":"compra-directa-secretaria-de-medios-digitales-ministerio-jefatura-de-gabinete","status":"publish","type":"post","link":"https:\/\/compras.tierradelfuego.gob.ar\/?p=271827","title":{"rendered":"COMPRA DIRECTA-SECRETAR\u00cdA DE MEDIOS DIGITALES-MINISTERIO JEFATURA DE GABINETE"},"content":{"rendered":"<p><u>CONTRATACI\u00d3N DIRECTA<\/u>: LA SECRETAR\u00cdA DE MEDIOS DIGITALES DE LA PROVINCIA DE TIERRA DEL FUEGO\u00a0A.E I.A.S.\u00a0LOS INVITA A PARTICIPAR DE LA CONTRATACI\u00d3N DE SERVICIOS PUBLICITARIOS\u00a0EN MEDIOS GR\u00c1FICOS Y\u00a0DIGITALES\u00a0PARA LA DIFUSI\u00d3N\u00a0DE LA CAMPA\u00d1A:\u00a0<strong>\u00abREFORMA CONSTITUCIONAL LEY 1529\u00bb.<\/strong><\/p>\n<p><u>LUGAR DE PRESENTACI\u00d3N<\/u>: SECRETAR\u00cdA DE\u00a0MEDIOS DIGITALES &#8211; MINISTERIO JEFATURA DE GABINETE<\/p>\n<p><u>TEL\u00c9FONO<\/u>: 441274 &#8211; 441228<\/p>\n<p><u>DIRECCI\u00d3N<\/u>: SAN MART\u00cdN N\u00b0 450 -SEGUNDO PISO<\/p>\n<p><u>EMAIL<\/u>:\u00a0<a href=\"mailto:secretariademediostdf@gmail.com\">SECRETARIADEMEDIOSTDF@GMAIL.COM<\/a><\/p>\n","protected":false},"excerpt":{"rendered":"<p>CONTRATACI\u00d3N DIRECTA: LA SECRETAR\u00cdA DE MEDIOS DIGITALES DE LA PROVINCIA DE TIERRA DEL FUEGO\u00a0A.E I.A.S.\u00a0LOS INVITA A PARTICIPAR DE LA CONTRATACI\u00d3N DE SERVICIOS PUBLICITARIOS\u00a0EN MEDIOS GR\u00c1FICOS Y\u00a0DIGITALES\u00a0PARA LA DIFUSI\u00d3N\u00a0DE LA CAMPA\u00d1A:\u00a0\u00abREFORMA CONSTITUCIONAL LEY 1529\u00bb. LUGAR DE PRESENTACI\u00d3N: SECRETAR\u00cdA DE\u00a0MEDIOS DIGITALES &#8211; MINISTERIO JEFATURA DE GABINETE TEL\u00c9FONO: 441274 &#8211; 441228 DIRECCI\u00d3N: SAN MART\u00cdN N\u00b0 450 -SEGUNDO [&hellip;]<\/p>\n","protected":false},"author":20,"featured_media":0,"comment_status":"closed","ping_status":"closed","sticky":false,"template":"","format":"standard","meta":{"footnotes":""},"categories":[3,11,102,124],"tags":[],"class_list":["post-271827","post","type-post","status-publish","format-standard","hentry","category-compras","category-directa","category-ministerio-de-jefatura-de-gabinete","category-secretaria-de-medios"],"_links":{"self":[{"href":"https:\/\/compras.tierradelfuego.gob.ar\/index.php?rest_route=\/wp\/v2\/posts\/271827","targetHints":{"allow":["GET"]}}],"collection":[{"href":"https:\/\/compras.tierradelfuego.gob.ar\/index.php?rest_route=\/wp\/v2\/posts"}],"about":[{"href":"https:\/\/compras.tierradelfuego.gob.ar\/index.php?rest_route=\/wp\/v2\/types\/post"}],"author":[{"embeddable":true,"href":"https:\/\/compras.tierradelfuego.gob.ar\/index.php?rest_route=\/wp\/v2\/users\/20"}],"replies":[{"embeddable":true,"href":"https:\/\/compras.tierradelfuego.gob.ar\/index.php?rest_route=%2Fwp%2Fv2%2Fcomments&post=271827"}],"version-history":[{"count":1,"href":"https:\/\/compras.tierradelfuego.gob.ar\/index.php?rest_route=\/wp\/v2\/posts\/271827\/revisions"}],"predecessor-version":[{"id":271828,"href":"https:\/\/compras.tierradelfuego.gob.ar\/index.php?rest_route=\/wp\/v2\/posts\/271827\/revisions\/271828"}],"wp:attachment":[{"href":"https:\/\/compras.tierradelfuego.gob.ar\/index.php?rest_route=%2Fwp%2Fv2%2Fmedia&parent=271827"}],"wp:term":[{"taxonomy":"category","embeddable":true,"href":"https:\/\/compras.tierradelfuego.gob.ar\/index.php?rest_route=%2Fwp%2Fv2%2Fcategories&post=271827"},{"taxonomy":"post_tag","embeddable":true,"href":"https:\/\/compras.tierradelfuego.gob.ar\/index.php?rest_route=%2Fwp%2Fv2%2Ftags&post=271827"}],"curies":[{"name":"wp","href":"https:\/\/api.w.org\/{rel}","templated":true}]}}