{"id":271808,"date":"2026-04-30T10:55:32","date_gmt":"2026-04-30T13:55:32","guid":{"rendered":"https:\/\/compras.tierradelfuego.gob.ar\/?p=271808"},"modified":"2026-04-30T10:55:32","modified_gmt":"2026-04-30T13:55:32","slug":"adjudicacion-compra-directa-n-12-26-raf-109-mbcj-e-33025-2026-mediante-la-cual-se-tramito-la-de-insumos-destinados-a-la-reparacion-de-cunas-para-la-direccion-general-de-centros-de-cuidados-de-r","status":"publish","type":"post","link":"https:\/\/compras.tierradelfuego.gob.ar\/?p=271808","title":{"rendered":"ADJUDICACI\u00d3N-COMPRA DIRECTA N\u00b0 12\/26 RAF 109-MBCJ-E-33025\/2026-MEDIANTE LA CUAL SE TRAMIT\u00d3 LA DE INSUMOS DESTINADOS A LA REPARACI\u00d3N DE CUNAS, PARA LA DIRECCI\u00d3N GENERAL DE CENTROS DE CUIDADOS DE R\u00cdO GRANDE\u00a0DE LA SUBSECRETARIA DE NI\u00d1EZ ADOLESCENCIA Y FAMILIA\u00a0ZONA NORTE Y CENTRO \u00c1REA DEL MINISTERIO DE BIENESTAR CIUDADANO Y JUSTICA."},"content":{"rendered":"<p>ORDEN DE COMPRA N\u00b0 18\/26 RAF 109.<\/p>\n<p>PROVEEDOR: COLORES FUEGUINOS S.R.L\u00a0 C.U.I.T N\u00b0 33-71792162-9<\/p>\n<p>IMPORTE: $ 624.195,50<\/p>\n<p>COMPRA DIRECTA N\u00b0 12\/26 RAF 109 MEDIANTE LA CUAL SE TRAMIT\u00d3 LA DE INSUMOS DESTINADOS A LA REPARACI\u00d3N DE CUNAS, PARA LA DIRECCI\u00d3N GENERAL DE CENTROS DE CUIDADOS DE R\u00cdO GRANDE\u00a0DE LA SUBSECRETARIA DE NI\u00d1EZ ADOLESCENCIA Y FAMILIA\u00a0ZONA NORTE Y CENTRO \u00c1REA DEL MINISTERIO DE BIENESTAR CIUDADANO Y JUSTICA.<\/p>\n<p>RESOLUCI\u00d3N \u00a0SS.N.A Y F.Z.N.Y C N\u00b0\u00a0 15\/26\u00a0DE APROBACI\u00d3N Y ADJUDICACI\u00d3N DE COMPRA.<\/p>\n<p><a href=\"https:\/\/compras.tierradelfuego.gob.ar\/wp-content\/uploads\/2026\/04\/publicacion-y-difusion-de-la-orden-de-compra-n-18_26-raf-109.zip\"><strong>publicacion-y-difusion-de-la-orden-de-compra-n-18_26-raf-109<\/strong><\/a><\/p>\n","protected":false},"excerpt":{"rendered":"<p>ORDEN DE COMPRA N\u00b0 18\/26 RAF 109. PROVEEDOR: COLORES FUEGUINOS S.R.L\u00a0 C.U.I.T N\u00b0 33-71792162-9 IMPORTE: $ 624.195,50 COMPRA DIRECTA N\u00b0 12\/26 RAF 109 MEDIANTE LA CUAL SE TRAMIT\u00d3 LA DE INSUMOS DESTINADOS A LA REPARACI\u00d3N DE CUNAS, PARA LA DIRECCI\u00d3N GENERAL DE CENTROS DE CUIDADOS DE R\u00cdO GRANDE\u00a0DE LA SUBSECRETARIA DE NI\u00d1EZ ADOLESCENCIA Y FAMILIA\u00a0ZONA [&hellip;]<\/p>\n","protected":false},"author":20,"featured_media":0,"comment_status":"closed","ping_status":"closed","sticky":false,"template":"","format":"standard","meta":{"footnotes":""},"categories":[186,3,11,202],"tags":[],"class_list":["post-271808","post","type-post","status-publish","format-standard","hentry","category-adjudicadas","category-compras","category-directa","category-ministerio-de-bienestar-ciudadano-y-justicia"],"_links":{"self":[{"href":"https:\/\/compras.tierradelfuego.gob.ar\/index.php?rest_route=\/wp\/v2\/posts\/271808","targetHints":{"allow":["GET"]}}],"collection":[{"href":"https:\/\/compras.tierradelfuego.gob.ar\/index.php?rest_route=\/wp\/v2\/posts"}],"about":[{"href":"https:\/\/compras.tierradelfuego.gob.ar\/index.php?rest_route=\/wp\/v2\/types\/post"}],"author":[{"embeddable":true,"href":"https:\/\/compras.tierradelfuego.gob.ar\/index.php?rest_route=\/wp\/v2\/users\/20"}],"replies":[{"embeddable":true,"href":"https:\/\/compras.tierradelfuego.gob.ar\/index.php?rest_route=%2Fwp%2Fv2%2Fcomments&post=271808"}],"version-history":[{"count":1,"href":"https:\/\/compras.tierradelfuego.gob.ar\/index.php?rest_route=\/wp\/v2\/posts\/271808\/revisions"}],"predecessor-version":[{"id":271810,"href":"https:\/\/compras.tierradelfuego.gob.ar\/index.php?rest_route=\/wp\/v2\/posts\/271808\/revisions\/271810"}],"wp:attachment":[{"href":"https:\/\/compras.tierradelfuego.gob.ar\/index.php?rest_route=%2Fwp%2Fv2%2Fmedia&parent=271808"}],"wp:term":[{"taxonomy":"category","embeddable":true,"href":"https:\/\/compras.tierradelfuego.gob.ar\/index.php?rest_route=%2Fwp%2Fv2%2Fcategories&post=271808"},{"taxonomy":"post_tag","embeddable":true,"href":"https:\/\/compras.tierradelfuego.gob.ar\/index.php?rest_route=%2Fwp%2Fv2%2Ftags&post=271808"}],"curies":[{"name":"wp","href":"https:\/\/api.w.org\/{rel}","templated":true}]}}