{"id":271800,"date":"2026-04-30T10:42:32","date_gmt":"2026-04-30T13:42:32","guid":{"rendered":"https:\/\/compras.tierradelfuego.gob.ar\/?p=271800"},"modified":"2026-04-30T10:42:32","modified_gmt":"2026-04-30T13:42:32","slug":"rectificacion-de-la-contratacion-directa-n-25-25-raf-521-e-1738-25","status":"publish","type":"post","link":"https:\/\/compras.tierradelfuego.gob.ar\/?p=271800","title":{"rendered":"RECTIFICACI\u00d3N DE LA CONTRATACI\u00d3N DIRECTA N\u00b0 25\/25 RAF 521 E-1738-25."},"content":{"rendered":"<p><strong>RESOLUCI\u00d3N\u00a0M.ED. N\u00b0 1195\/26\u00a0RECTIFICATORIA\u00a0DE LA\u00a0RESOLUCI\u00d3N M.ED.\u00a0N\u00b0 602\/26 DE LA CONTRATACI\u00d3N DIRECTA N\u00b0 25-2025 \u2013 RAF 521 EXPEDIENTE N\u00ba MED-E-1738-2025.<\/strong><\/p>\n<p><strong>OBJETO:\u00a0<\/strong>\u00a0SE\u00a0AUTORIZ\u00d3 LA PR\u00d3RROGA DEL CONTRATO DE LOCACI\u00d3N DE SERVICIOS REGISTRADO BAJO EL N\u00b0 26513, POR EL T\u00c9RMINO DE NUEVE (9) MESES.<\/p>\n<p><strong><a href=\"https:\/\/compras.tierradelfuego.gob.ar\/wp-content\/uploads\/2026\/04\/resolucion-med-n-1195-2026-1.pdf\">resolucion-med-n-1195-2026-1<\/a><\/strong><\/p>\n","protected":false},"excerpt":{"rendered":"<p>RESOLUCI\u00d3N\u00a0M.ED. N\u00b0 1195\/26\u00a0RECTIFICATORIA\u00a0DE LA\u00a0RESOLUCI\u00d3N M.ED.\u00a0N\u00b0 602\/26 DE LA CONTRATACI\u00d3N DIRECTA N\u00b0 25-2025 \u2013 RAF 521 EXPEDIENTE N\u00ba MED-E-1738-2025. OBJETO:\u00a0\u00a0SE\u00a0AUTORIZ\u00d3 LA PR\u00d3RROGA DEL CONTRATO DE LOCACI\u00d3N DE SERVICIOS REGISTRADO BAJO EL N\u00b0 26513, POR EL T\u00c9RMINO DE NUEVE (9) MESES. resolucion-med-n-1195-2026-1<\/p>\n","protected":false},"author":20,"featured_media":0,"comment_status":"closed","ping_status":"closed","sticky":false,"template":"","format":"standard","meta":{"footnotes":""},"categories":[3,11,22],"tags":[],"class_list":["post-271800","post","type-post","status-publish","format-standard","hentry","category-compras","category-directa","category-ministerio-de-educacion"],"_links":{"self":[{"href":"https:\/\/compras.tierradelfuego.gob.ar\/index.php?rest_route=\/wp\/v2\/posts\/271800","targetHints":{"allow":["GET"]}}],"collection":[{"href":"https:\/\/compras.tierradelfuego.gob.ar\/index.php?rest_route=\/wp\/v2\/posts"}],"about":[{"href":"https:\/\/compras.tierradelfuego.gob.ar\/index.php?rest_route=\/wp\/v2\/types\/post"}],"author":[{"embeddable":true,"href":"https:\/\/compras.tierradelfuego.gob.ar\/index.php?rest_route=\/wp\/v2\/users\/20"}],"replies":[{"embeddable":true,"href":"https:\/\/compras.tierradelfuego.gob.ar\/index.php?rest_route=%2Fwp%2Fv2%2Fcomments&post=271800"}],"version-history":[{"count":1,"href":"https:\/\/compras.tierradelfuego.gob.ar\/index.php?rest_route=\/wp\/v2\/posts\/271800\/revisions"}],"predecessor-version":[{"id":271802,"href":"https:\/\/compras.tierradelfuego.gob.ar\/index.php?rest_route=\/wp\/v2\/posts\/271800\/revisions\/271802"}],"wp:attachment":[{"href":"https:\/\/compras.tierradelfuego.gob.ar\/index.php?rest_route=%2Fwp%2Fv2%2Fmedia&parent=271800"}],"wp:term":[{"taxonomy":"category","embeddable":true,"href":"https:\/\/compras.tierradelfuego.gob.ar\/index.php?rest_route=%2Fwp%2Fv2%2Fcategories&post=271800"},{"taxonomy":"post_tag","embeddable":true,"href":"https:\/\/compras.tierradelfuego.gob.ar\/index.php?rest_route=%2Fwp%2Fv2%2Ftags&post=271800"}],"curies":[{"name":"wp","href":"https:\/\/api.w.org\/{rel}","templated":true}]}}