{"id":271763,"date":"2026-04-30T08:21:32","date_gmt":"2026-04-30T11:21:32","guid":{"rendered":"https:\/\/compras.tierradelfuego.gob.ar\/?p=271763"},"modified":"2026-04-30T08:21:32","modified_gmt":"2026-04-30T11:21:32","slug":"adjudicacion-compra-directa-n-013-2026-raf-121-expediente-n-32874-2026-referente-a-la-contratacion-de-servicio-de-iluminacion-y-sonido-destinado-al-evento-artistico-cultural","status":"publish","type":"post","link":"https:\/\/compras.tierradelfuego.gob.ar\/?p=271763","title":{"rendered":"ADJUDICACI\u00d3N-COMPRA DIRECTA N\u00b0 013\/2026 RAF 121-EXPEDIENTE N\u00b0 32874-2026\u00a0REFERENTE A LA \u201cCONTRATACI\u00d3N DE SERVICIO DE ILUMINACI\u00d3N Y SONIDO DESTINADO AL EVENTO ART\u00cdSTICO-CULTURAL \u201cDANZAS EN EL FIN DEL MUNDO\u201d, A REALIZARSE LOS D\u00cdAS 05,06 Y 07 DE JUNIO DE 2026 EN LA CIUDAD DE RIO GRANDE\u00bb. SEC REP POL\u00cdTICA"},"content":{"rendered":"<p>ADJUDICACI\u00d3N COMPRA DIRECTA N\u00b0 013\/2026 RAF 121, EXPEDIENTE N\u00b0 32874-2026\u00a0REFERENTE A LA \u201cCONTRATACI\u00d3N DE SERVICIO DE ILUMINACI\u00d3N Y SONIDO DESTINADO AL EVENTO ART\u00cdSTICO-CULTURAL \u201cDANZAS EN EL FIN DEL MUNDO\u201d, A REALIZARSE LOS D\u00cdAS 05,06 Y 07 DE JUNIO DE 2026 EN LA CIUDAD DE RIO GRANDE\u00bb.<\/p>\n<p><a href=\"https:\/\/compras.tierradelfuego.gob.ar\/wp-content\/uploads\/2026\/04\/difusion-adjudicacion-compra-directa-n-013_2026-raf-121-expte-n-32874_2026.zip\"><strong>difusion-adjudicacion-compra-directa-n-013_2026-raf-121-expte-n-32874_2026<\/strong><\/a><\/p>\n<p>&nbsp;<\/p>\n","protected":false},"excerpt":{"rendered":"<p>ADJUDICACI\u00d3N COMPRA DIRECTA N\u00b0 013\/2026 RAF 121, EXPEDIENTE N\u00b0 32874-2026\u00a0REFERENTE A LA \u201cCONTRATACI\u00d3N DE SERVICIO DE ILUMINACI\u00d3N Y SONIDO DESTINADO AL EVENTO ART\u00cdSTICO-CULTURAL \u201cDANZAS EN EL FIN DEL MUNDO\u201d, A REALIZARSE LOS D\u00cdAS 05,06 Y 07 DE JUNIO DE 2026 EN LA CIUDAD DE RIO GRANDE\u00bb. difusion-adjudicacion-compra-directa-n-013_2026-raf-121-expte-n-32874_2026 &nbsp;<\/p>\n","protected":false},"author":20,"featured_media":0,"comment_status":"closed","ping_status":"closed","sticky":false,"template":"","format":"standard","meta":{"footnotes":""},"categories":[186,3,11,165],"tags":[],"class_list":["post-271763","post","type-post","status-publish","format-standard","hentry","category-adjudicadas","category-compras","category-directa","category-secretaria-de-representacion-politica"],"_links":{"self":[{"href":"https:\/\/compras.tierradelfuego.gob.ar\/index.php?rest_route=\/wp\/v2\/posts\/271763","targetHints":{"allow":["GET"]}}],"collection":[{"href":"https:\/\/compras.tierradelfuego.gob.ar\/index.php?rest_route=\/wp\/v2\/posts"}],"about":[{"href":"https:\/\/compras.tierradelfuego.gob.ar\/index.php?rest_route=\/wp\/v2\/types\/post"}],"author":[{"embeddable":true,"href":"https:\/\/compras.tierradelfuego.gob.ar\/index.php?rest_route=\/wp\/v2\/users\/20"}],"replies":[{"embeddable":true,"href":"https:\/\/compras.tierradelfuego.gob.ar\/index.php?rest_route=%2Fwp%2Fv2%2Fcomments&post=271763"}],"version-history":[{"count":1,"href":"https:\/\/compras.tierradelfuego.gob.ar\/index.php?rest_route=\/wp\/v2\/posts\/271763\/revisions"}],"predecessor-version":[{"id":271765,"href":"https:\/\/compras.tierradelfuego.gob.ar\/index.php?rest_route=\/wp\/v2\/posts\/271763\/revisions\/271765"}],"wp:attachment":[{"href":"https:\/\/compras.tierradelfuego.gob.ar\/index.php?rest_route=%2Fwp%2Fv2%2Fmedia&parent=271763"}],"wp:term":[{"taxonomy":"category","embeddable":true,"href":"https:\/\/compras.tierradelfuego.gob.ar\/index.php?rest_route=%2Fwp%2Fv2%2Fcategories&post=271763"},{"taxonomy":"post_tag","embeddable":true,"href":"https:\/\/compras.tierradelfuego.gob.ar\/index.php?rest_route=%2Fwp%2Fv2%2Ftags&post=271763"}],"curies":[{"name":"wp","href":"https:\/\/api.w.org\/{rel}","templated":true}]}}