{"id":271742,"date":"2026-04-29T15:05:32","date_gmt":"2026-04-29T18:05:32","guid":{"rendered":"https:\/\/compras.tierradelfuego.gob.ar\/?p=271742"},"modified":"2026-04-29T15:05:32","modified_gmt":"2026-04-29T18:05:32","slug":"expediente-n-mjg-e-30504-2026-que-tramita-la-contratacion-de-servicio-de-mantenimiento-en-agencia-oficial-para-moviles-internos-no-597-y-no-603-marca-ford-modelo-ranger-pertenecientes-a","status":"publish","type":"post","link":"https:\/\/compras.tierradelfuego.gob.ar\/?p=271742","title":{"rendered":"Expediente N\u00b0 MJG-E-30504-2026, que tramita la\u00a0CONTRATACI\u00d3N DE SERVICIO DE MANTENIMIENTO EN AGENCIA OFICIAL PARA M\u00d3VILES INTERNOS N\u00ba 597 y N\u00ba 603 MARCA FORD, MODELO RANGER , PERTENECIENTES A LA FLOTA VEHICULAR DE LA POLIC\u00cdA DE TIERRA DEL FUEGO.\u00a0 Me dirijo a Ud., a los efectos de solicitar la\u00a0difusi\u00f3n\u00a0del acto administrativo de\u00a0adjudicaci\u00f3n, conforme lo normado en la Resoluci\u00f3n OPC N\u00b0 17\/21 CAP\u00cdTULO I &#8211; CONTRATACI\u00d3N DIRECTA POR COMPULSA ABREVIADA PUNTO 11.1."},"content":{"rendered":"<p><span data-olk-copy-source=\"MessageBody\">Expediente N\u00b0 MJG-E-30504-2026, que tramita la CONTRATACI\u00d3N DE SERVICIO DE MANTENIMIENTO EN AGENCIA OFICIAL PARA M\u00d3VILES INTERNOS N\u00ba 597 y N\u00ba 603 MARCA FORD, MODELO RANGER , PERTENECIENTES A LA FLOTA VEHICULAR DE LA POLIC\u00cdA DE TIERRA DEL FUEGO.\u00a0 Me dirijo a Ud., a los efectos de solicitar la difusi\u00f3n del acto administrativo de adjudicaci\u00f3n, conforme lo normado en la Resoluci\u00f3n OPC N\u00b0 17\/21 CAP\u00cdTULO I &#8211; CONTRATACI\u00d3N DIRECTA POR COMPULSA ABREVIADA PUNTO 11.1.<\/span><\/p>\n<p>&nbsp;<\/p>\n<p>&nbsp;<\/p>\n<p><a href=\"https:\/\/compras.tierradelfuego.gob.ar\/wp-content\/uploads\/2026\/04\/resolucion-vcg-n93-2026.pdf\">resolucion-vcg-n93-2026<\/a><\/p>\n","protected":false},"excerpt":{"rendered":"<p>Expediente N\u00b0 MJG-E-30504-2026, que tramita la CONTRATACI\u00d3N DE SERVICIO DE MANTENIMIENTO EN AGENCIA OFICIAL PARA M\u00d3VILES INTERNOS N\u00ba 597 y N\u00ba 603 MARCA FORD, MODELO RANGER , PERTENECIENTES A LA FLOTA VEHICULAR DE LA POLIC\u00cdA DE TIERRA DEL FUEGO.\u00a0 Me dirijo a Ud., a los efectos de solicitar la difusi\u00f3n del acto administrativo de adjudicaci\u00f3n, [&hellip;]<\/p>\n","protected":false},"author":17,"featured_media":0,"comment_status":"closed","ping_status":"closed","sticky":false,"template":"","format":"standard","meta":{"footnotes":""},"categories":[3,11,102],"tags":[],"class_list":["post-271742","post","type-post","status-publish","format-standard","hentry","category-compras","category-directa","category-ministerio-de-jefatura-de-gabinete"],"_links":{"self":[{"href":"https:\/\/compras.tierradelfuego.gob.ar\/index.php?rest_route=\/wp\/v2\/posts\/271742","targetHints":{"allow":["GET"]}}],"collection":[{"href":"https:\/\/compras.tierradelfuego.gob.ar\/index.php?rest_route=\/wp\/v2\/posts"}],"about":[{"href":"https:\/\/compras.tierradelfuego.gob.ar\/index.php?rest_route=\/wp\/v2\/types\/post"}],"author":[{"embeddable":true,"href":"https:\/\/compras.tierradelfuego.gob.ar\/index.php?rest_route=\/wp\/v2\/users\/17"}],"replies":[{"embeddable":true,"href":"https:\/\/compras.tierradelfuego.gob.ar\/index.php?rest_route=%2Fwp%2Fv2%2Fcomments&post=271742"}],"version-history":[{"count":1,"href":"https:\/\/compras.tierradelfuego.gob.ar\/index.php?rest_route=\/wp\/v2\/posts\/271742\/revisions"}],"predecessor-version":[{"id":271744,"href":"https:\/\/compras.tierradelfuego.gob.ar\/index.php?rest_route=\/wp\/v2\/posts\/271742\/revisions\/271744"}],"wp:attachment":[{"href":"https:\/\/compras.tierradelfuego.gob.ar\/index.php?rest_route=%2Fwp%2Fv2%2Fmedia&parent=271742"}],"wp:term":[{"taxonomy":"category","embeddable":true,"href":"https:\/\/compras.tierradelfuego.gob.ar\/index.php?rest_route=%2Fwp%2Fv2%2Fcategories&post=271742"},{"taxonomy":"post_tag","embeddable":true,"href":"https:\/\/compras.tierradelfuego.gob.ar\/index.php?rest_route=%2Fwp%2Fv2%2Ftags&post=271742"}],"curies":[{"name":"wp","href":"https:\/\/api.w.org\/{rel}","templated":true}]}}