{"id":271631,"date":"2026-04-29T09:26:17","date_gmt":"2026-04-29T12:26:17","guid":{"rendered":"https:\/\/compras.tierradelfuego.gob.ar\/?p=271631"},"modified":"2026-04-29T09:26:17","modified_gmt":"2026-04-29T12:26:17","slug":"preadjudicacion-compra-directa-no-008-2026-raf-121-expediente-no-26097-2026-caratulado-compra-de-insumos-graficos-y-de-identificacion-institucional-destinados-al-evento-artistico-cultural-d","status":"publish","type":"post","link":"https:\/\/compras.tierradelfuego.gob.ar\/?p=271631","title":{"rendered":"PREADJUDICACI\u00d3N-COMPRA DIRECTA N\u00ba 008\/2026 RAF 121-EXPEDIENTE N\u00ba 26097\/2026 CARATULADO \u00abCOMPRA DE INSUMOS GR\u00c1FICOS Y DE IDENTIFICACI\u00d3N INSTITUCIONAL DESTINADOS AL EVENTO ART\u00cdSTICO-CULTURAL \u201cDANZAS EN EL FIN DEL MUNDO\u201d, A REALIZARSE LOS D\u00cdAS 05,06 Y 07 DE JUNIO DE 2026 EN LA CIUDAD DE RIO GRANDE\u00bb.\u00a0SEC REP POL\u00cdTICA"},"content":{"rendered":"<p>PLANILLA DE PREADJUDICACI\u00d3N Y NOTA DE ADJUDICACI\u00d3N, REFERENTE A LA COMPRA DIRECTA N\u00ba 008\/2026 RAF 121 EXPEDIENTE N\u00ba 26097\/2026 CARATULADO \u00abCOMPRA DE INSUMOS GR\u00c1FICOS Y DE IDENTIFICACI\u00d3N INSTITUCIONAL DESTINADOS AL EVENTO ART\u00cdSTICO-CULTURAL \u201cDANZAS EN EL FIN DEL MUNDO\u201d, A REALIZARSE LOS D\u00cdAS 05,06 Y 07 DE JUNIO DE 2026 EN LA CIUDAD DE RIO GRANDE\u00bb.<\/p>\n<p><strong><a href=\"https:\/\/compras.tierradelfuego.gob.ar\/wp-content\/uploads\/2026\/04\/preadjudicacion-compra-directa-por-compulsa-abreviada-n-008_2026-raf-121-expte-n-26097_2026.zip\">preadjudicacion-compra-directa-por-compulsa-abreviada-n-008_2026-raf-121-expte-n-26097_2026<\/a><\/strong><\/p>\n","protected":false},"excerpt":{"rendered":"<p>PLANILLA DE PREADJUDICACI\u00d3N Y NOTA DE ADJUDICACI\u00d3N, REFERENTE A LA COMPRA DIRECTA N\u00ba 008\/2026 RAF 121 EXPEDIENTE N\u00ba 26097\/2026 CARATULADO \u00abCOMPRA DE INSUMOS GR\u00c1FICOS Y DE IDENTIFICACI\u00d3N INSTITUCIONAL DESTINADOS AL EVENTO ART\u00cdSTICO-CULTURAL \u201cDANZAS EN EL FIN DEL MUNDO\u201d, A REALIZARSE LOS D\u00cdAS 05,06 Y 07 DE JUNIO DE 2026 EN LA CIUDAD DE RIO GRANDE\u00bb. [&hellip;]<\/p>\n","protected":false},"author":20,"featured_media":0,"comment_status":"closed","ping_status":"closed","sticky":false,"template":"","format":"standard","meta":{"footnotes":""},"categories":[3,11,200,165],"tags":[],"class_list":["post-271631","post","type-post","status-publish","format-standard","hentry","category-compras","category-directa","category-pre-adjudicacion","category-secretaria-de-representacion-politica"],"_links":{"self":[{"href":"https:\/\/compras.tierradelfuego.gob.ar\/index.php?rest_route=\/wp\/v2\/posts\/271631","targetHints":{"allow":["GET"]}}],"collection":[{"href":"https:\/\/compras.tierradelfuego.gob.ar\/index.php?rest_route=\/wp\/v2\/posts"}],"about":[{"href":"https:\/\/compras.tierradelfuego.gob.ar\/index.php?rest_route=\/wp\/v2\/types\/post"}],"author":[{"embeddable":true,"href":"https:\/\/compras.tierradelfuego.gob.ar\/index.php?rest_route=\/wp\/v2\/users\/20"}],"replies":[{"embeddable":true,"href":"https:\/\/compras.tierradelfuego.gob.ar\/index.php?rest_route=%2Fwp%2Fv2%2Fcomments&post=271631"}],"version-history":[{"count":1,"href":"https:\/\/compras.tierradelfuego.gob.ar\/index.php?rest_route=\/wp\/v2\/posts\/271631\/revisions"}],"predecessor-version":[{"id":271633,"href":"https:\/\/compras.tierradelfuego.gob.ar\/index.php?rest_route=\/wp\/v2\/posts\/271631\/revisions\/271633"}],"wp:attachment":[{"href":"https:\/\/compras.tierradelfuego.gob.ar\/index.php?rest_route=%2Fwp%2Fv2%2Fmedia&parent=271631"}],"wp:term":[{"taxonomy":"category","embeddable":true,"href":"https:\/\/compras.tierradelfuego.gob.ar\/index.php?rest_route=%2Fwp%2Fv2%2Fcategories&post=271631"},{"taxonomy":"post_tag","embeddable":true,"href":"https:\/\/compras.tierradelfuego.gob.ar\/index.php?rest_route=%2Fwp%2Fv2%2Ftags&post=271631"}],"curies":[{"name":"wp","href":"https:\/\/api.w.org\/{rel}","templated":true}]}}