{"id":271616,"date":"2026-04-29T08:52:40","date_gmt":"2026-04-29T11:52:40","guid":{"rendered":"https:\/\/compras.tierradelfuego.gob.ar\/?p=271616"},"modified":"2026-04-29T09:15:18","modified_gmt":"2026-04-29T12:15:18","slug":"adjudicacion-compra-directa-n-578-26-expediente-1612-2026-s-contratacion-modulo-integral-intensivo","status":"publish","type":"post","link":"https:\/\/compras.tierradelfuego.gob.ar\/?p=271616","title":{"rendered":"ADJUDICACI\u00d3N-COMPRA DIRECTA N\u00b0 578\/26-EXPEDIENTE: 1612\/2026- S\/ CONTRATACI\u00d3N M\u00d3DULO INTEGRAL INTENSIVO. OSEF"},"content":{"rendered":"<p>ADJUDICACI\u00d3N COMPRA DIRECTA N\u00b0 578\/26<\/p>\n<p>ACTO ADMINISTRATIVO: DCA-269-2026<\/p>\n<p>EXPEDIENTE: 1612\/2026 &#8211; S\/ CONTRATACI\u00d3N M\u00d3DULO INTEGRAL INTENSIVO<\/p>\n<p>ORGANISMO: O.S.E.F.<\/p>\n<p>LOCALIDAD: BUENOS AIRES<\/p>\n<p>DESTINO: ASISTENCIAL<\/p>\n<p>TIPO: ADJUDICACI\u00d3N<\/p>\n<p><a href=\"https:\/\/compras.tierradelfuego.gob.ar\/wp-content\/uploads\/2026\/04\/dca-269-2026.pdf\"><strong>dca-269-2026<\/strong><\/a><\/p>\n","protected":false},"excerpt":{"rendered":"<p>ADJUDICACI\u00d3N COMPRA DIRECTA N\u00b0 578\/26 ACTO ADMINISTRATIVO: DCA-269-2026 EXPEDIENTE: 1612\/2026 &#8211; S\/ CONTRATACI\u00d3N M\u00d3DULO INTEGRAL INTENSIVO ORGANISMO: O.S.E.F. LOCALIDAD: BUENOS AIRES DESTINO: ASISTENCIAL TIPO: ADJUDICACI\u00d3N dca-269-2026<\/p>\n","protected":false},"author":20,"featured_media":0,"comment_status":"closed","ping_status":"closed","sticky":false,"template":"","format":"standard","meta":{"footnotes":""},"categories":[186,3,11,139],"tags":[],"class_list":["post-271616","post","type-post","status-publish","format-standard","hentry","category-adjudicadas","category-compras","category-directa","category-obra-social-de-la-provincia-de-tierra-del-fuego-osptf"],"_links":{"self":[{"href":"https:\/\/compras.tierradelfuego.gob.ar\/index.php?rest_route=\/wp\/v2\/posts\/271616","targetHints":{"allow":["GET"]}}],"collection":[{"href":"https:\/\/compras.tierradelfuego.gob.ar\/index.php?rest_route=\/wp\/v2\/posts"}],"about":[{"href":"https:\/\/compras.tierradelfuego.gob.ar\/index.php?rest_route=\/wp\/v2\/types\/post"}],"author":[{"embeddable":true,"href":"https:\/\/compras.tierradelfuego.gob.ar\/index.php?rest_route=\/wp\/v2\/users\/20"}],"replies":[{"embeddable":true,"href":"https:\/\/compras.tierradelfuego.gob.ar\/index.php?rest_route=%2Fwp%2Fv2%2Fcomments&post=271616"}],"version-history":[{"count":2,"href":"https:\/\/compras.tierradelfuego.gob.ar\/index.php?rest_route=\/wp\/v2\/posts\/271616\/revisions"}],"predecessor-version":[{"id":271625,"href":"https:\/\/compras.tierradelfuego.gob.ar\/index.php?rest_route=\/wp\/v2\/posts\/271616\/revisions\/271625"}],"wp:attachment":[{"href":"https:\/\/compras.tierradelfuego.gob.ar\/index.php?rest_route=%2Fwp%2Fv2%2Fmedia&parent=271616"}],"wp:term":[{"taxonomy":"category","embeddable":true,"href":"https:\/\/compras.tierradelfuego.gob.ar\/index.php?rest_route=%2Fwp%2Fv2%2Fcategories&post=271616"},{"taxonomy":"post_tag","embeddable":true,"href":"https:\/\/compras.tierradelfuego.gob.ar\/index.php?rest_route=%2Fwp%2Fv2%2Ftags&post=271616"}],"curies":[{"name":"wp","href":"https:\/\/api.w.org\/{rel}","templated":true}]}}