{"id":271613,"date":"2026-04-29T08:30:49","date_gmt":"2026-04-29T11:30:49","guid":{"rendered":"https:\/\/compras.tierradelfuego.gob.ar\/?p=271613"},"modified":"2026-04-29T08:30:49","modified_gmt":"2026-04-29T11:30:49","slug":"adjudicacion-compra-directa-n-44-2026-raf-560-expediente-e-31348-26-s-adquisicion-de-repuestos-para-la-reparacion-del-vehiculo-oficial-volkswagen-voyage-dominio-ab138fo-p","status":"publish","type":"post","link":"https:\/\/compras.tierradelfuego.gob.ar\/?p=271613","title":{"rendered":"ADJUDICACI\u00d3N-COMPRA DIRECTA N\u00b0\u00a0 44\/2026 &#8211;\u00a0RAF 560.-EXPEDIENTE E-31348-26-\u201cS\/ADQUISICI\u00d3N DE REPUESTOS PARA LA REPARACI\u00d3N DEL VEH\u00cdCULO OFICIAL VOLKSWAGEN VOYAGE DOMINIO AB138FO, PERTENECIENTE A LA SECRETAR\u00cdA DE DESARROLLO PRODUCTIVO Y PYME, DEPENDIENTE DEL MPYA\u00bb"},"content":{"rendered":"<p>COMPRA DIRECTA N\u00b0\u00a0 44\/2026 &#8211;\u00a0RAF 560.<\/p>\n<p>RESOLUCI\u00d3N SS.P.\u00a0 N\u00b0\u00a0 20\/2026 Y ORDEN DE COMPRA N\u00b0\u00a0 54-26.<\/p>\n<p>EXPEDIENTE E-31348-26.<\/p>\n<p>\u201cS\/ADQUISICI\u00d3N DE REPUESTOS PARA LA REPARACI\u00d3N DEL VEH\u00cdCULO OFICIAL VOLKSWAGEN VOYAGE DOMINIO AB138FO, PERTENECIENTE A LA SECRETAR\u00cdA DE DESARROLLO PRODUCTIVO Y PYME, DEPENDIENTE DEL MPYA\u00bb<\/p>\n<p><a href=\"https:\/\/compras.tierradelfuego.gob.ar\/wp-content\/uploads\/2026\/04\/solicitud-de-difusion-orden-de-compra-n-54-26.zip\"><strong>solicitud-de-difusion-orden-de-compra-n-54-26<\/strong><\/a><\/p>\n","protected":false},"excerpt":{"rendered":"<p>COMPRA DIRECTA N\u00b0\u00a0 44\/2026 &#8211;\u00a0RAF 560. RESOLUCI\u00d3N SS.P.\u00a0 N\u00b0\u00a0 20\/2026 Y ORDEN DE COMPRA N\u00b0\u00a0 54-26. EXPEDIENTE E-31348-26. \u201cS\/ADQUISICI\u00d3N DE REPUESTOS PARA LA REPARACI\u00d3N DEL VEH\u00cdCULO OFICIAL VOLKSWAGEN VOYAGE DOMINIO AB138FO, PERTENECIENTE A LA SECRETAR\u00cdA DE DESARROLLO PRODUCTIVO Y PYME, DEPENDIENTE DEL MPYA\u00bb solicitud-de-difusion-orden-de-compra-n-54-26<\/p>\n","protected":false},"author":20,"featured_media":0,"comment_status":"closed","ping_status":"closed","sticky":false,"template":"","format":"standard","meta":{"footnotes":""},"categories":[186,3,11,159,163],"tags":[],"class_list":["post-271613","post","type-post","status-publish","format-standard","hentry","category-adjudicadas","category-compras","category-directa","category-ministerio-de-produccion-y-ambiente","category-secretaria-de-desarrollo-productivo-y-pyme"],"_links":{"self":[{"href":"https:\/\/compras.tierradelfuego.gob.ar\/index.php?rest_route=\/wp\/v2\/posts\/271613","targetHints":{"allow":["GET"]}}],"collection":[{"href":"https:\/\/compras.tierradelfuego.gob.ar\/index.php?rest_route=\/wp\/v2\/posts"}],"about":[{"href":"https:\/\/compras.tierradelfuego.gob.ar\/index.php?rest_route=\/wp\/v2\/types\/post"}],"author":[{"embeddable":true,"href":"https:\/\/compras.tierradelfuego.gob.ar\/index.php?rest_route=\/wp\/v2\/users\/20"}],"replies":[{"embeddable":true,"href":"https:\/\/compras.tierradelfuego.gob.ar\/index.php?rest_route=%2Fwp%2Fv2%2Fcomments&post=271613"}],"version-history":[{"count":1,"href":"https:\/\/compras.tierradelfuego.gob.ar\/index.php?rest_route=\/wp\/v2\/posts\/271613\/revisions"}],"predecessor-version":[{"id":271615,"href":"https:\/\/compras.tierradelfuego.gob.ar\/index.php?rest_route=\/wp\/v2\/posts\/271613\/revisions\/271615"}],"wp:attachment":[{"href":"https:\/\/compras.tierradelfuego.gob.ar\/index.php?rest_route=%2Fwp%2Fv2%2Fmedia&parent=271613"}],"wp:term":[{"taxonomy":"category","embeddable":true,"href":"https:\/\/compras.tierradelfuego.gob.ar\/index.php?rest_route=%2Fwp%2Fv2%2Fcategories&post=271613"},{"taxonomy":"post_tag","embeddable":true,"href":"https:\/\/compras.tierradelfuego.gob.ar\/index.php?rest_route=%2Fwp%2Fv2%2Ftags&post=271613"}],"curies":[{"name":"wp","href":"https:\/\/api.w.org\/{rel}","templated":true}]}}