{"id":271583,"date":"2026-04-28T14:17:21","date_gmt":"2026-04-28T17:17:21","guid":{"rendered":"https:\/\/compras.tierradelfuego.gob.ar\/?p=271583"},"modified":"2026-04-28T14:17:55","modified_gmt":"2026-04-28T17:17:55","slug":"adjudicacion-compra-directa-n-22-26-raf-521-expediente-no-med-e-24784-2026","status":"publish","type":"post","link":"https:\/\/compras.tierradelfuego.gob.ar\/?p=271583","title":{"rendered":"ADJUDICACI\u00d3N &#8211; Compra\u00a0Directa N\u00b0 22\/26 &#8211; RAF 521 &#8211;\u00a0     EXPEDIENTE N\u00ba MED-E-24784\/2026."},"content":{"rendered":"<p class=\"x_MsoNormal\"><span style=\"font-family: times new roman, serif;\" data-olk-copy-source=\"MessageBody\">Compra\u00a0Directa N\u00b0 22\/26 &#8211; RAF 521 &#8211;\u00a0<\/span><\/p>\n<p class=\"x_MsoNormal\"><span style=\"font-family: times new roman, serif;\"><b>EXPEDIENTE N\u00ba MED-E-24784\/2026<\/b>.<\/span><\/p>\n<p class=\"x_MsoNormal\"><span style=\"font-family: times new roman, serif;\"><b>DIFUSI\u00d3N<\/b>:\u00a0RESOLUCI\u00d3N\u00a0DE\u00a0ADJUDICACI\u00d3N S.G.A.L. N\u00b0248\/26 y\u00a0ORDEN\u00a0DE\u00a0COMPRA\u00a0N\u00b0 13\/26 y 14\/26.<\/span><\/p>\n<p class=\"x_MsoNormal\"><span style=\"font-family: times new roman, serif;\"><b>A\u00a0FAVOR\u00a0DE\u00a0LAS FIRMAS QUE SE DETALLA\u00a0A\u00a0CONTINUACI\u00d3N<\/b>:\u00a0<\/span><\/p>\n<ul>\n<li><span style=\"font-family: times new roman, serif;\">\u00abZAS3 SAS\u00bb CUIT N\u00b0\u00a0<span lang=\"ES-AR\">30-71636507-3<\/span><\/span><\/li>\n<li><span style=\"font-family: times new roman, serif;\">\u00abFABRICA DE PRODUCTOS DE PANADERIA\u00a0Y CONFITERIA SRL FABRIPAC\u00a0\u00bb CUIT N\u00b0\u00a0\u00a0<span lang=\"ES-AR\">30-67066050-4<\/span><\/span><\/li>\n<\/ul>\n<p>&nbsp;<\/p>\n<p class=\"x_MsoNormal\"><span style=\"font-family: times new roman, serif;\"><b>OBJETO<\/b>:\u00a0\u201cS\/ Adquisici\u00f3n de insumos para la elaboraci\u00f3n de tortas, destinadas a las Instituciones Educativas de la Provincial de Tierra del Fuego A.e.I.A.S que festejar\u00e1n sus aniversarios 2026.\u201d<\/span><\/p>\n<p>&nbsp;<\/p>\n<p>&nbsp;<\/p>\n<p><a href=\"https:\/\/compras.tierradelfuego.gob.ar\/wp-content\/uploads\/2026\/04\/resolucion-sgal-248-2026.pdf\">resolucion-sgal-248-2026<\/a><\/p>\n<p>&nbsp;<\/p>\n<p><a href=\"https:\/\/compras.tierradelfuego.gob.ar\/wp-content\/uploads\/2026\/04\/oc-14-zas3.pdf\">oc-14-zas3<\/a><\/p>\n<p>&nbsp;<\/p>\n<p><a href=\"https:\/\/compras.tierradelfuego.gob.ar\/wp-content\/uploads\/2026\/04\/oc13-fabripac.pdf\">oc13-fabripac<\/a><\/p>\n","protected":false},"excerpt":{"rendered":"<p>Compra\u00a0Directa N\u00b0 22\/26 &#8211; RAF 521 &#8211;\u00a0 EXPEDIENTE N\u00ba MED-E-24784\/2026. DIFUSI\u00d3N:\u00a0RESOLUCI\u00d3N\u00a0DE\u00a0ADJUDICACI\u00d3N S.G.A.L. N\u00b0248\/26 y\u00a0ORDEN\u00a0DE\u00a0COMPRA\u00a0N\u00b0 13\/26 y 14\/26. A\u00a0FAVOR\u00a0DE\u00a0LAS FIRMAS QUE SE DETALLA\u00a0A\u00a0CONTINUACI\u00d3N:\u00a0 \u00abZAS3 SAS\u00bb CUIT N\u00b0\u00a030-71636507-3 \u00abFABRICA DE PRODUCTOS DE PANADERIA\u00a0Y CONFITERIA SRL FABRIPAC\u00a0\u00bb CUIT N\u00b0\u00a0\u00a030-67066050-4 &nbsp; OBJETO:\u00a0\u201cS\/ Adquisici\u00f3n de insumos para la elaboraci\u00f3n de tortas, destinadas a las Instituciones Educativas de la Provincial de [&hellip;]<\/p>\n","protected":false},"author":17,"featured_media":0,"comment_status":"closed","ping_status":"closed","sticky":false,"template":"","format":"standard","meta":{"footnotes":""},"categories":[186,3,11,22],"tags":[],"class_list":["post-271583","post","type-post","status-publish","format-standard","hentry","category-adjudicadas","category-compras","category-directa","category-ministerio-de-educacion"],"_links":{"self":[{"href":"https:\/\/compras.tierradelfuego.gob.ar\/index.php?rest_route=\/wp\/v2\/posts\/271583","targetHints":{"allow":["GET"]}}],"collection":[{"href":"https:\/\/compras.tierradelfuego.gob.ar\/index.php?rest_route=\/wp\/v2\/posts"}],"about":[{"href":"https:\/\/compras.tierradelfuego.gob.ar\/index.php?rest_route=\/wp\/v2\/types\/post"}],"author":[{"embeddable":true,"href":"https:\/\/compras.tierradelfuego.gob.ar\/index.php?rest_route=\/wp\/v2\/users\/17"}],"replies":[{"embeddable":true,"href":"https:\/\/compras.tierradelfuego.gob.ar\/index.php?rest_route=%2Fwp%2Fv2%2Fcomments&post=271583"}],"version-history":[{"count":2,"href":"https:\/\/compras.tierradelfuego.gob.ar\/index.php?rest_route=\/wp\/v2\/posts\/271583\/revisions"}],"predecessor-version":[{"id":271588,"href":"https:\/\/compras.tierradelfuego.gob.ar\/index.php?rest_route=\/wp\/v2\/posts\/271583\/revisions\/271588"}],"wp:attachment":[{"href":"https:\/\/compras.tierradelfuego.gob.ar\/index.php?rest_route=%2Fwp%2Fv2%2Fmedia&parent=271583"}],"wp:term":[{"taxonomy":"category","embeddable":true,"href":"https:\/\/compras.tierradelfuego.gob.ar\/index.php?rest_route=%2Fwp%2Fv2%2Fcategories&post=271583"},{"taxonomy":"post_tag","embeddable":true,"href":"https:\/\/compras.tierradelfuego.gob.ar\/index.php?rest_route=%2Fwp%2Fv2%2Ftags&post=271583"}],"curies":[{"name":"wp","href":"https:\/\/api.w.org\/{rel}","templated":true}]}}