{"id":271508,"date":"2026-04-28T08:41:46","date_gmt":"2026-04-28T11:41:46","guid":{"rendered":"https:\/\/compras.tierradelfuego.gob.ar\/?p=271508"},"modified":"2026-04-28T09:00:45","modified_gmt":"2026-04-28T12:00:45","slug":"licitacion-privada-n-02-2026-ley-provincial-n1015-articulo-15-inciso-a-y-articulo-17-inc-a-titulo-adquisicion-de-estacion-base-vhf-equipos-para-moviles-han","status":"publish","type":"post","link":"https:\/\/compras.tierradelfuego.gob.ar\/?p=271508","title":{"rendered":"LICITACI\u00d3N PRIVADA N\u00b0 02\/2026 &#8211; ADQUISICI\u00d3N DE ESTACI\u00d3N BASE VHF, EQUIPOS PARA M\u00d3VILES, HANDIES Y SOPORTE T\u00c9CNICO ANUAL. DPE."},"content":{"rendered":"<div>\n<p>LICITACI\u00d3N PRIVADA N\u00b0 02\/2026- LEY PROVINCIAL N\u00b01015 ART\u00cdCULO 15\u00b0 INCISO A) Y ART\u00cdCULO 17\u00b0 INC. A).<\/p>\n<p>T\u00cdTULO:\u00a0<strong>ADQUISICI\u00d3N DE ESTACI\u00d3N BASE VHF, EQUIPOS PARA M\u00d3VILES, HANDIES Y SOPORTE T\u00c9CNICO ANUAL.<\/strong><\/p>\n<p>N\u00daMERO DE EXPTE Y A\u00d1O:\u00a0156\/2026.<\/p>\n<p>FECHA DE APERTURA:\u00a012\/05\/2026 12:00 HS.<\/p>\n<p>FECHA Y HORA LIMITE DE ENTREGA DE OFERTAS: 12\/05\/2026 12:00 HS.<\/p>\n<p>LUGAR DE APERTURA: DIVISI\u00d3N COMPRAS<\/p>\n<p>LUGAR DE CONSULTAS: LASSERRE N\u00b0 218 &#8211; USHUAIA &#8211; TIERRA DEL FUEGO.<\/p>\n<p><a href=\"https:\/\/compras.tierradelfuego.gob.ar\/wp-content\/uploads\/2026\/04\/pliego-licitacion-privada-n-2-26.pdf\"><strong>pliego-licitacion-privada-n-2-26<\/strong><\/a><\/p>\n<\/div>\n","protected":false},"excerpt":{"rendered":"<p>LICITACI\u00d3N PRIVADA N\u00b0 02\/2026- LEY PROVINCIAL N\u00b01015 ART\u00cdCULO 15\u00b0 INCISO A) Y ART\u00cdCULO 17\u00b0 INC. A). T\u00cdTULO:\u00a0ADQUISICI\u00d3N DE ESTACI\u00d3N BASE VHF, EQUIPOS PARA M\u00d3VILES, HANDIES Y SOPORTE T\u00c9CNICO ANUAL. N\u00daMERO DE EXPTE Y A\u00d1O:\u00a0156\/2026. FECHA DE APERTURA:\u00a012\/05\/2026 12:00 HS. FECHA Y HORA LIMITE DE ENTREGA DE OFERTAS: 12\/05\/2026 12:00 HS. LUGAR DE APERTURA: DIVISI\u00d3N COMPRAS [&hellip;]<\/p>\n","protected":false},"author":17,"featured_media":0,"comment_status":"closed","ping_status":"closed","sticky":false,"template":"","format":"standard","meta":{"footnotes":""},"categories":[3,185,7,18],"tags":[],"class_list":["post-271508","post","type-post","status-publish","format-standard","hentry","category-compras","category-con-apertura-proxima","category-direccion-provincial-de-energia","category-licitacion-privada"],"_links":{"self":[{"href":"https:\/\/compras.tierradelfuego.gob.ar\/index.php?rest_route=\/wp\/v2\/posts\/271508","targetHints":{"allow":["GET"]}}],"collection":[{"href":"https:\/\/compras.tierradelfuego.gob.ar\/index.php?rest_route=\/wp\/v2\/posts"}],"about":[{"href":"https:\/\/compras.tierradelfuego.gob.ar\/index.php?rest_route=\/wp\/v2\/types\/post"}],"author":[{"embeddable":true,"href":"https:\/\/compras.tierradelfuego.gob.ar\/index.php?rest_route=\/wp\/v2\/users\/17"}],"replies":[{"embeddable":true,"href":"https:\/\/compras.tierradelfuego.gob.ar\/index.php?rest_route=%2Fwp%2Fv2%2Fcomments&post=271508"}],"version-history":[{"count":4,"href":"https:\/\/compras.tierradelfuego.gob.ar\/index.php?rest_route=\/wp\/v2\/posts\/271508\/revisions"}],"predecessor-version":[{"id":271517,"href":"https:\/\/compras.tierradelfuego.gob.ar\/index.php?rest_route=\/wp\/v2\/posts\/271508\/revisions\/271517"}],"wp:attachment":[{"href":"https:\/\/compras.tierradelfuego.gob.ar\/index.php?rest_route=%2Fwp%2Fv2%2Fmedia&parent=271508"}],"wp:term":[{"taxonomy":"category","embeddable":true,"href":"https:\/\/compras.tierradelfuego.gob.ar\/index.php?rest_route=%2Fwp%2Fv2%2Fcategories&post=271508"},{"taxonomy":"post_tag","embeddable":true,"href":"https:\/\/compras.tierradelfuego.gob.ar\/index.php?rest_route=%2Fwp%2Fv2%2Ftags&post=271508"}],"curies":[{"name":"wp","href":"https:\/\/api.w.org\/{rel}","templated":true}]}}