{"id":271501,"date":"2026-04-27T14:51:31","date_gmt":"2026-04-27T17:51:31","guid":{"rendered":"https:\/\/compras.tierradelfuego.gob.ar\/?p=271501"},"modified":"2026-04-27T14:52:06","modified_gmt":"2026-04-27T17:52:06","slug":"ratificacion-resolucion-ss-d-l-n-41-2026-contratacion-directa-n-3-2026-raf-645-expediente-n-mec-e-35368-2026","status":"publish","type":"post","link":"https:\/\/compras.tierradelfuego.gob.ar\/?p=271501","title":{"rendered":"RATIFICACION\u00a0RESOLUCION Ss.D.L N\u00b0 41\/2026-CONTRATACI\u00d3N DIRECTA N\u00b0 3\/2026 &#8211; RAF 645 &#8211; EXPEDIENTE N\u00b0 MEC &#8211; E-35368-2026-"},"content":{"rendered":"<p>OBJETO:<\/p>\n<div>S\/ADQUISICI\u00d3N DE CUBIERTAS DE INVIERNO CON CLAVO DESTINADAS AL VEH\u00cdCULO OFICIAL ASIGNADO AL \u00c1REA DE LA SECRETARIA DE ECONOMIA POPULAR Y EMPRENDEDURISMO-USHUAIA<\/div>\n<div><\/div>\n<div>RATIFICACION\u00a0RESOLUCION Ss.D.L N\u00b0 41\/2026<\/div>\n<div><\/div>\n<div><a href=\"https:\/\/compras.tierradelfuego.gob.ar\/wp-content\/uploads\/2026\/04\/resolucion-s.s.d.ln_.o-41-26.pdf\">resolucion-s.s.d.ln_.o-41-26<\/a><\/div>\n","protected":false},"excerpt":{"rendered":"<p>OBJETO: S\/ADQUISICI\u00d3N DE CUBIERTAS DE INVIERNO CON CLAVO DESTINADAS AL VEH\u00cdCULO OFICIAL ASIGNADO AL \u00c1REA DE LA SECRETARIA DE ECONOMIA POPULAR Y EMPRENDEDURISMO-USHUAIA RATIFICACION\u00a0RESOLUCION Ss.D.L N\u00b0 41\/2026 resolucion-s.s.d.ln_.o-41-26<\/p>\n","protected":false},"author":17,"featured_media":0,"comment_status":"closed","ping_status":"closed","sticky":false,"template":"","format":"standard","meta":{"footnotes":""},"categories":[3,11,21],"tags":[],"class_list":["post-271501","post","type-post","status-publish","format-standard","hentry","category-compras","category-directa","category-ministerio-de-economia"],"_links":{"self":[{"href":"https:\/\/compras.tierradelfuego.gob.ar\/index.php?rest_route=\/wp\/v2\/posts\/271501","targetHints":{"allow":["GET"]}}],"collection":[{"href":"https:\/\/compras.tierradelfuego.gob.ar\/index.php?rest_route=\/wp\/v2\/posts"}],"about":[{"href":"https:\/\/compras.tierradelfuego.gob.ar\/index.php?rest_route=\/wp\/v2\/types\/post"}],"author":[{"embeddable":true,"href":"https:\/\/compras.tierradelfuego.gob.ar\/index.php?rest_route=\/wp\/v2\/users\/17"}],"replies":[{"embeddable":true,"href":"https:\/\/compras.tierradelfuego.gob.ar\/index.php?rest_route=%2Fwp%2Fv2%2Fcomments&post=271501"}],"version-history":[{"count":1,"href":"https:\/\/compras.tierradelfuego.gob.ar\/index.php?rest_route=\/wp\/v2\/posts\/271501\/revisions"}],"predecessor-version":[{"id":271503,"href":"https:\/\/compras.tierradelfuego.gob.ar\/index.php?rest_route=\/wp\/v2\/posts\/271501\/revisions\/271503"}],"wp:attachment":[{"href":"https:\/\/compras.tierradelfuego.gob.ar\/index.php?rest_route=%2Fwp%2Fv2%2Fmedia&parent=271501"}],"wp:term":[{"taxonomy":"category","embeddable":true,"href":"https:\/\/compras.tierradelfuego.gob.ar\/index.php?rest_route=%2Fwp%2Fv2%2Fcategories&post=271501"},{"taxonomy":"post_tag","embeddable":true,"href":"https:\/\/compras.tierradelfuego.gob.ar\/index.php?rest_route=%2Fwp%2Fv2%2Ftags&post=271501"}],"curies":[{"name":"wp","href":"https:\/\/api.w.org\/{rel}","templated":true}]}}