{"id":271475,"date":"2026-04-27T14:36:48","date_gmt":"2026-04-27T17:36:48","guid":{"rendered":"https:\/\/compras.tierradelfuego.gob.ar\/?p=271475"},"modified":"2026-04-27T14:38:19","modified_gmt":"2026-04-27T17:38:19","slug":"preadjudicacion-compra-directa-n-12-26-raf109","status":"publish","type":"post","link":"https:\/\/compras.tierradelfuego.gob.ar\/?p=271475","title":{"rendered":"PREADJUDICACION COMPRA DIRECTA N\u00b0 12\/26 RAF109"},"content":{"rendered":"<div class=\"x_elementToProof\" data-olk-copy-source=\"MessageBody\">PRE ADJUDICACION COMPRA DIRECTA N\u00b0 12\/26 RAF109 referente a la adquisici\u00f3n de insumos destinados a la reparaci\u00f3n de cunas, para la Direcci\u00f3n General de Centros de Cuidados de R\u00edo Grande, \u00e1rea dependiente del Ministerio de Bienestar Ciudadano y Justicia<\/div>\n<div class=\"x_elementToProof\">\n<p>MODALIDAD DE LA COMPRA: Compra Directa N\u00b012\/26- RAF 109, Ley Provincial N\u00b0 1015, Capitulo II, Articulo 18\u00b0, Inciso L)<\/p>\n<\/div>\n<div class=\"x_elementToProof\">TIPO DE CONTRATACI\u00d3N: Contrataci\u00f3n Directa por Adjudicaci\u00f3n simple<\/div>\n<div class=\"x_elementToProof\">EXPEDIENTE N\u00b0 MBCJ-E-33025\/26.<\/div>\n<div><\/div>\n<div><\/div>\n<div><a href=\"https:\/\/compras.tierradelfuego.gob.ar\/wp-content\/uploads\/2026\/04\/informe-de-preadj.pdf\">informe-de-preadj<\/a><\/div>\n<div><\/div>\n<div><a href=\"https:\/\/compras.tierradelfuego.gob.ar\/wp-content\/uploads\/2026\/04\/planilla-preadj.-2.pdf\">planilla-preadj.-2<\/a><\/div>\n","protected":false},"excerpt":{"rendered":"<p>PRE ADJUDICACION COMPRA DIRECTA N\u00b0 12\/26 RAF109 referente a la adquisici\u00f3n de insumos destinados a la reparaci\u00f3n de cunas, para la Direcci\u00f3n General de Centros de Cuidados de R\u00edo Grande, \u00e1rea dependiente del Ministerio de Bienestar Ciudadano y Justicia MODALIDAD DE LA COMPRA: Compra Directa N\u00b012\/26- RAF 109, Ley Provincial N\u00b0 1015, Capitulo II, Articulo [&hellip;]<\/p>\n","protected":false},"author":17,"featured_media":0,"comment_status":"closed","ping_status":"closed","sticky":false,"template":"","format":"standard","meta":{"footnotes":""},"categories":[3,11,202,184],"tags":[],"class_list":["post-271475","post","type-post","status-publish","format-standard","hentry","category-compras","category-directa","category-ministerio-de-bienestar-ciudadano-y-justicia","category-preadjudicadas"],"_links":{"self":[{"href":"https:\/\/compras.tierradelfuego.gob.ar\/index.php?rest_route=\/wp\/v2\/posts\/271475","targetHints":{"allow":["GET"]}}],"collection":[{"href":"https:\/\/compras.tierradelfuego.gob.ar\/index.php?rest_route=\/wp\/v2\/posts"}],"about":[{"href":"https:\/\/compras.tierradelfuego.gob.ar\/index.php?rest_route=\/wp\/v2\/types\/post"}],"author":[{"embeddable":true,"href":"https:\/\/compras.tierradelfuego.gob.ar\/index.php?rest_route=\/wp\/v2\/users\/17"}],"replies":[{"embeddable":true,"href":"https:\/\/compras.tierradelfuego.gob.ar\/index.php?rest_route=%2Fwp%2Fv2%2Fcomments&post=271475"}],"version-history":[{"count":2,"href":"https:\/\/compras.tierradelfuego.gob.ar\/index.php?rest_route=\/wp\/v2\/posts\/271475\/revisions"}],"predecessor-version":[{"id":271479,"href":"https:\/\/compras.tierradelfuego.gob.ar\/index.php?rest_route=\/wp\/v2\/posts\/271475\/revisions\/271479"}],"wp:attachment":[{"href":"https:\/\/compras.tierradelfuego.gob.ar\/index.php?rest_route=%2Fwp%2Fv2%2Fmedia&parent=271475"}],"wp:term":[{"taxonomy":"category","embeddable":true,"href":"https:\/\/compras.tierradelfuego.gob.ar\/index.php?rest_route=%2Fwp%2Fv2%2Fcategories&post=271475"},{"taxonomy":"post_tag","embeddable":true,"href":"https:\/\/compras.tierradelfuego.gob.ar\/index.php?rest_route=%2Fwp%2Fv2%2Ftags&post=271475"}],"curies":[{"name":"wp","href":"https:\/\/api.w.org\/{rel}","templated":true}]}}