{"id":271437,"date":"2026-04-27T10:38:43","date_gmt":"2026-04-27T13:38:43","guid":{"rendered":"https:\/\/compras.tierradelfuego.gob.ar\/?p=271437"},"modified":"2026-04-27T10:38:43","modified_gmt":"2026-04-27T13:38:43","slug":"compra-directa-n-665-2026-expte-n-1861-2026-objeto-de-la-contratacion-s-compra-de-insumos-quirurgicos-osef","status":"publish","type":"post","link":"https:\/\/compras.tierradelfuego.gob.ar\/?p=271437","title":{"rendered":"COMPRA DIRECTA N\u00b0 665\/2026  EXPTE. N\u00b0 1861-2026  OBJETO DE LA CONTRATACI\u00d3N: S\/ COMPRA DE INSUMOS QUIR\u00daRGICOS. OSEF"},"content":{"rendered":"<p>COMPRA DIRECTA N\u00b0 665\/2026<\/p>\n<p>EXPTE. N\u00b0 1861-2026<\/p>\n<p>OBJETO DE LA CONTRATACI\u00d3N: S\/ COMPRA DE INSUMOS QUIR\u00daRGICOS<\/p>\n<p>\u00c1REA GENERADORA: DIRECCI\u00d3N DE COMPRAS \u2013 OSEF<\/p>\n<p>LUGAR DE RECEPCI\u00d3N DE OFERTAS: OSEF BS. AS. (SARMIENTO 731 P 10\u00b0, CABA) O MAIL: COMPRASBSAS@OSEF.GOB.AR.<\/p>\n<p>PLAZO DE RECEPCI\u00d3N DE OFERTAS: HASTA APERTURA DE OFERTAS (28\/4\/26 09:00 H)<\/p>\n<p>CONTACTO PARA CONSULTAS: COMPRASBSAS@OSEF.GOB.AR<\/p>\n<p><a href=\"https:\/\/compras.tierradelfuego.gob.ar\/wp-content\/uploads\/2026\/04\/solicitud_cotizacion-nro-665-ejer-2026-raf-312-rnd-8627.pdf\"><strong>solicitud_cotizacion-nro-665-ejer-2026<\/strong><\/a><\/p>\n","protected":false},"excerpt":{"rendered":"<p>COMPRA DIRECTA N\u00b0 665\/2026 EXPTE. N\u00b0 1861-2026 OBJETO DE LA CONTRATACI\u00d3N: S\/ COMPRA DE INSUMOS QUIR\u00daRGICOS \u00c1REA GENERADORA: DIRECCI\u00d3N DE COMPRAS \u2013 OSEF LUGAR DE RECEPCI\u00d3N DE OFERTAS: OSEF BS. AS. (SARMIENTO 731 P 10\u00b0, CABA) O MAIL: COMPRASBSAS@OSEF.GOB.AR. PLAZO DE RECEPCI\u00d3N DE OFERTAS: HASTA APERTURA DE OFERTAS (28\/4\/26 09:00 H) CONTACTO PARA CONSULTAS: COMPRASBSAS@OSEF.GOB.AR [&hellip;]<\/p>\n","protected":false},"author":20,"featured_media":0,"comment_status":"closed","ping_status":"closed","sticky":false,"template":"","format":"standard","meta":{"footnotes":""},"categories":[3,11,139],"tags":[],"class_list":["post-271437","post","type-post","status-publish","format-standard","hentry","category-compras","category-directa","category-obra-social-de-la-provincia-de-tierra-del-fuego-osptf"],"_links":{"self":[{"href":"https:\/\/compras.tierradelfuego.gob.ar\/index.php?rest_route=\/wp\/v2\/posts\/271437","targetHints":{"allow":["GET"]}}],"collection":[{"href":"https:\/\/compras.tierradelfuego.gob.ar\/index.php?rest_route=\/wp\/v2\/posts"}],"about":[{"href":"https:\/\/compras.tierradelfuego.gob.ar\/index.php?rest_route=\/wp\/v2\/types\/post"}],"author":[{"embeddable":true,"href":"https:\/\/compras.tierradelfuego.gob.ar\/index.php?rest_route=\/wp\/v2\/users\/20"}],"replies":[{"embeddable":true,"href":"https:\/\/compras.tierradelfuego.gob.ar\/index.php?rest_route=%2Fwp%2Fv2%2Fcomments&post=271437"}],"version-history":[{"count":1,"href":"https:\/\/compras.tierradelfuego.gob.ar\/index.php?rest_route=\/wp\/v2\/posts\/271437\/revisions"}],"predecessor-version":[{"id":271439,"href":"https:\/\/compras.tierradelfuego.gob.ar\/index.php?rest_route=\/wp\/v2\/posts\/271437\/revisions\/271439"}],"wp:attachment":[{"href":"https:\/\/compras.tierradelfuego.gob.ar\/index.php?rest_route=%2Fwp%2Fv2%2Fmedia&parent=271437"}],"wp:term":[{"taxonomy":"category","embeddable":true,"href":"https:\/\/compras.tierradelfuego.gob.ar\/index.php?rest_route=%2Fwp%2Fv2%2Fcategories&post=271437"},{"taxonomy":"post_tag","embeddable":true,"href":"https:\/\/compras.tierradelfuego.gob.ar\/index.php?rest_route=%2Fwp%2Fv2%2Ftags&post=271437"}],"curies":[{"name":"wp","href":"https:\/\/api.w.org\/{rel}","templated":true}]}}