{"id":271394,"date":"2026-04-24T15:17:58","date_gmt":"2026-04-24T18:17:58","guid":{"rendered":"https:\/\/compras.tierradelfuego.gob.ar\/?p=271394"},"modified":"2026-04-24T15:18:12","modified_gmt":"2026-04-24T18:18:12","slug":"adjudicacion-compra-directa-por-adjudicacion-simple-no-29-2026-raf-101","status":"publish","type":"post","link":"https:\/\/compras.tierradelfuego.gob.ar\/?p=271394","title":{"rendered":"\u00a0Adjudicaci\u00f3n-\u00a0\u00a0 Compra Directa por Adjudicaci\u00f3n Simple N\u00ba 29\/2026 RAF 101"},"content":{"rendered":"<div data-olk-copy-source=\"MessageBody\">\u00a0Adjudicaci\u00f3n-\u00a0\u00a0 Compra Directa por Adjudicaci\u00f3n Simple N\u00ba 29\/2026 RAF 101,\u00a0 <span style=\"color: #000000;\">\u00a0<\/span><span style=\"color: #000000;\">Pieza Administrativa\u00a0<\/span>\u00a0\u00a0 MJG-E-23395-2025 S\/<span style=\"color: #000000;\">\u00a0<\/span>\u00a0 contrataci\u00f3n de servicio de un martillero p\u00fablico para efectuar un remate de los veh\u00edculos que se encuentran en desuso, pertenecientes al parque automotor del Servicio Penitenciario Provincial . Se adjunta Resoluci\u00f3n de adjudicaci\u00f3n VCG\u00a0 N\u00ba 80\/26 &#8211; Orden de Compra\u00a0 N\u00b0 85.<\/div>\n<div><a href=\"https:\/\/compras.tierradelfuego.gob.ar\/wp-content\/uploads\/2026\/04\/orden-de-compra-85.pdf\">orden-de-compra-85<\/a><\/div>\n<div><\/div>\n<div><a href=\"https:\/\/compras.tierradelfuego.gob.ar\/wp-content\/uploads\/2026\/04\/resolucion-v.c.g.-n-80-2026-2.pdf\">resolucion-v.c.g.-n-80-2026-2<\/a><\/div>\n<div><\/div>\n","protected":false},"excerpt":{"rendered":"<p>\u00a0Adjudicaci\u00f3n-\u00a0\u00a0 Compra Directa por Adjudicaci\u00f3n Simple N\u00ba 29\/2026 RAF 101,\u00a0 \u00a0Pieza Administrativa\u00a0\u00a0\u00a0 MJG-E-23395-2025 S\/\u00a0\u00a0 contrataci\u00f3n de servicio de un martillero p\u00fablico para efectuar un remate de los veh\u00edculos que se encuentran en desuso, pertenecientes al parque automotor del Servicio Penitenciario Provincial . Se adjunta Resoluci\u00f3n de adjudicaci\u00f3n VCG\u00a0 N\u00ba 80\/26 &#8211; Orden de Compra\u00a0 N\u00b0 [&hellip;]<\/p>\n","protected":false},"author":17,"featured_media":0,"comment_status":"closed","ping_status":"closed","sticky":false,"template":"","format":"standard","meta":{"footnotes":""},"categories":[186,3,11,102],"tags":[],"class_list":["post-271394","post","type-post","status-publish","format-standard","hentry","category-adjudicadas","category-compras","category-directa","category-ministerio-de-jefatura-de-gabinete"],"_links":{"self":[{"href":"https:\/\/compras.tierradelfuego.gob.ar\/index.php?rest_route=\/wp\/v2\/posts\/271394","targetHints":{"allow":["GET"]}}],"collection":[{"href":"https:\/\/compras.tierradelfuego.gob.ar\/index.php?rest_route=\/wp\/v2\/posts"}],"about":[{"href":"https:\/\/compras.tierradelfuego.gob.ar\/index.php?rest_route=\/wp\/v2\/types\/post"}],"author":[{"embeddable":true,"href":"https:\/\/compras.tierradelfuego.gob.ar\/index.php?rest_route=\/wp\/v2\/users\/17"}],"replies":[{"embeddable":true,"href":"https:\/\/compras.tierradelfuego.gob.ar\/index.php?rest_route=%2Fwp%2Fv2%2Fcomments&post=271394"}],"version-history":[{"count":1,"href":"https:\/\/compras.tierradelfuego.gob.ar\/index.php?rest_route=\/wp\/v2\/posts\/271394\/revisions"}],"predecessor-version":[{"id":271397,"href":"https:\/\/compras.tierradelfuego.gob.ar\/index.php?rest_route=\/wp\/v2\/posts\/271394\/revisions\/271397"}],"wp:attachment":[{"href":"https:\/\/compras.tierradelfuego.gob.ar\/index.php?rest_route=%2Fwp%2Fv2%2Fmedia&parent=271394"}],"wp:term":[{"taxonomy":"category","embeddable":true,"href":"https:\/\/compras.tierradelfuego.gob.ar\/index.php?rest_route=%2Fwp%2Fv2%2Fcategories&post=271394"},{"taxonomy":"post_tag","embeddable":true,"href":"https:\/\/compras.tierradelfuego.gob.ar\/index.php?rest_route=%2Fwp%2Fv2%2Ftags&post=271394"}],"curies":[{"name":"wp","href":"https:\/\/api.w.org\/{rel}","templated":true}]}}