{"id":266787,"date":"2026-03-12T15:27:43","date_gmt":"2026-03-12T18:27:43","guid":{"rendered":"https:\/\/compras.tierradelfuego.gob.ar\/?p=266787"},"modified":"2026-03-12T15:27:53","modified_gmt":"2026-03-12T18:27:53","slug":"contratacion-directa-n-31-26-525-adjudicacion-simple-expediente-ms-e-176-25-objeto-adquisicion-y-colocacion-de-brazos-hidraulicos-destinados-al-centro-provincial-de-rehabil","status":"publish","type":"post","link":"https:\/\/compras.tierradelfuego.gob.ar\/?p=266787","title":{"rendered":"CONTRATACI\u00d3N DIRECTA N\u00b0 31\/26-525 &#8211; ADJUDICACI\u00d3N\u00a0SIMPLE\u00a0&#8211; EXPEDIENTE MS-E-176\/25.     OBJETO: \u00abADQUISICI\u00d3N Y COLOCACI\u00d3N DE BRAZOS HIDR\u00c1ULICOS DESTINADOS AL CENTRO PROVINCIAL DE REHABILITACI\u00d3N, DEPENDIENTE DEL MINISTERIO DE SALUD DE LA PROVINCIA\u00bb"},"content":{"rendered":"<p>CONTRATACI\u00d3N DIRECTA N\u00b0 31\/26-525 &#8211; ADJUDICACI\u00d3N\u00a0SIMPLE\u00a0&#8211; EXPEDIENTE MS-E-176\/25.<\/p>\n<p>OBJETO: \u00abADQUISICI\u00d3N Y COLOCACI\u00d3N DE BRAZOS HIDR\u00c1ULICOS DESTINADOS AL CENTRO PROVINCIAL DE REHABILITACI\u00d3N, DEPENDIENTE DEL MINISTERIO DE SALUD DE LA PROVINCIA\u00bb<\/p>\n<p>&#8211; FECHA L\u00cdMITE DE PRESENTACI\u00d3N DE OFERTAS: 13\/03\/26, HORA: 13:00HS.<br \/>\n&#8211; LUGAR DE PRESENTACI\u00d3N: CALLE AV. L. ALEM N\u00b0 629 &#8211; 2\u00b0 PISO &#8211; USHUAIA &#8211; CP 9410 &#8211; (DE 09 A 14 HS)<br \/>\n&#8211;<\/p>\n<p>PARA CONSULTAS Y ADELANTO DE COTIZACIONES DIRIGIRSE A LA DIRECCI\u00d3N DE CORREO ELECTR\u00d3NICO:\u00a0<u><a href=\"mailto:comprasms@tierradelfuego.gob.ar\">COMPRASMS@TIERRADELFUEGO.GOB.AR<\/a><\/u><\/p>\n<p>&nbsp;<\/p>\n<p>&nbsp;<\/p>\n<p><a href=\"https:\/\/compras.tierradelfuego.gob.ar\/wp-content\/uploads\/2026\/03\/formulario-de-cotizacion-c.d.-n-31-2026-exp.-176-2026.pdf\">formulario-de-cotizacion-c.d.-n-31-2026-exp.-176-2026<\/a><\/p>\n","protected":false},"excerpt":{"rendered":"<p>CONTRATACI\u00d3N DIRECTA N\u00b0 31\/26-525 &#8211; ADJUDICACI\u00d3N\u00a0SIMPLE\u00a0&#8211; EXPEDIENTE MS-E-176\/25. OBJETO: \u00abADQUISICI\u00d3N Y COLOCACI\u00d3N DE BRAZOS HIDR\u00c1ULICOS DESTINADOS AL CENTRO PROVINCIAL DE REHABILITACI\u00d3N, DEPENDIENTE DEL MINISTERIO DE SALUD DE LA PROVINCIA\u00bb &#8211; FECHA L\u00cdMITE DE PRESENTACI\u00d3N DE OFERTAS: 13\/03\/26, HORA: 13:00HS. &#8211; LUGAR DE PRESENTACI\u00d3N: CALLE AV. L. ALEM N\u00b0 629 &#8211; 2\u00b0 PISO &#8211; USHUAIA &#8211; [&hellip;]<\/p>\n","protected":false},"author":17,"featured_media":0,"comment_status":"closed","ping_status":"closed","sticky":false,"template":"","format":"standard","meta":{"footnotes":""},"categories":[3,11,25],"tags":[],"class_list":["post-266787","post","type-post","status-publish","format-standard","hentry","category-compras","category-directa","category-ministerio-de-salud"],"_links":{"self":[{"href":"https:\/\/compras.tierradelfuego.gob.ar\/index.php?rest_route=\/wp\/v2\/posts\/266787","targetHints":{"allow":["GET"]}}],"collection":[{"href":"https:\/\/compras.tierradelfuego.gob.ar\/index.php?rest_route=\/wp\/v2\/posts"}],"about":[{"href":"https:\/\/compras.tierradelfuego.gob.ar\/index.php?rest_route=\/wp\/v2\/types\/post"}],"author":[{"embeddable":true,"href":"https:\/\/compras.tierradelfuego.gob.ar\/index.php?rest_route=\/wp\/v2\/users\/17"}],"replies":[{"embeddable":true,"href":"https:\/\/compras.tierradelfuego.gob.ar\/index.php?rest_route=%2Fwp%2Fv2%2Fcomments&post=266787"}],"version-history":[{"count":1,"href":"https:\/\/compras.tierradelfuego.gob.ar\/index.php?rest_route=\/wp\/v2\/posts\/266787\/revisions"}],"predecessor-version":[{"id":266789,"href":"https:\/\/compras.tierradelfuego.gob.ar\/index.php?rest_route=\/wp\/v2\/posts\/266787\/revisions\/266789"}],"wp:attachment":[{"href":"https:\/\/compras.tierradelfuego.gob.ar\/index.php?rest_route=%2Fwp%2Fv2%2Fmedia&parent=266787"}],"wp:term":[{"taxonomy":"category","embeddable":true,"href":"https:\/\/compras.tierradelfuego.gob.ar\/index.php?rest_route=%2Fwp%2Fv2%2Fcategories&post=266787"},{"taxonomy":"post_tag","embeddable":true,"href":"https:\/\/compras.tierradelfuego.gob.ar\/index.php?rest_route=%2Fwp%2Fv2%2Ftags&post=266787"}],"curies":[{"name":"wp","href":"https:\/\/api.w.org\/{rel}","templated":true}]}}