{"id":266779,"date":"2026-03-12T15:24:02","date_gmt":"2026-03-12T18:24:02","guid":{"rendered":"https:\/\/compras.tierradelfuego.gob.ar\/?p=266779"},"modified":"2026-03-12T15:24:22","modified_gmt":"2026-03-12T18:24:22","slug":"adjudicacion-compra-directa-n-02-26-raf-521-expediente-no-med-e-6346-2026","status":"publish","type":"post","link":"https:\/\/compras.tierradelfuego.gob.ar\/?p=266779","title":{"rendered":"ADJUDICACI\u00d3N &#8211; COMPRA\u00a0DIRECTA N\u00b0 02\/26 &#8211; RAF 521 &#8211;\u00a0  EXPEDIENTE N\u00ba MED-E-6346\/2026."},"content":{"rendered":"<p>COMPRA\u00a0DIRECTA N\u00b0 02\/26 &#8211; RAF 521 &#8211;<\/p>\n<p><span style=\"font-style: inherit; font-weight: inherit;\">EXPEDIENTE N\u00ba MED-E-6346\/2026<\/span>.<\/p>\n<p><span style=\"font-style: inherit; font-weight: inherit;\">DIFUSI\u00d3N:\u00a0RESOLUCI\u00d3N\u00a0DE\u00a0ADJUDICACI\u00d3N M.ED. N\u00b0 0540\/2026 Y\u00a0ORDEN\u00a0DE\u00a0COMPRA\u00a0N\u00b0 02\/26.<\/span><\/p>\n<p><span style=\"font-style: inherit; font-weight: inherit;\">A\u00a0FAVOR\u00a0DE\u00a0LA\u00a0FIRMA\u00a0QUE SE DETALLA\u00a0A\u00a0CONTINUACI\u00d3N:\u00a0<\/span><\/p>\n<p><span style=\"font-style: inherit; font-weight: inherit;\">BLANCO MARIA VICTORIA \u2013 C.U.I.T. N\u00ba: 27-41322276-7<\/span><\/p>\n<p><span style=\"font-style: inherit; font-weight: inherit;\">OBJETO: S\/ \u201cTRAMITA LA LOCACI\u00d3N DE SERVICIOS DE PERSONA HUMANA CON PERFIL ID\u00d3NEO PARA DESEMPE\u00d1AR TAREAS ADMINISTRATIVAS, EN EL \u00c1MBITO DE LA DIRECCI\u00d3N PROVINCIAL DE SERVICIOS GENERALES ZONA NORTE Y CENTRO, DEPENDIENTE DE LA SECRETAR\u00cdA DE GESTI\u00d3N OPERATIVA DEL MINISTERIO DE EDUCACI\u00d3N\u00bb.<\/span><\/p>\n<p>&nbsp;<\/p>\n<p>&nbsp;<\/p>\n<p>&nbsp;<\/p>\n<p><a href=\"https:\/\/compras.tierradelfuego.gob.ar\/wp-content\/uploads\/2026\/03\/o.c.-n-02-blanco.pdf\">o.c.-n-02-blanco<\/a><\/p>\n<p>&nbsp;<\/p>\n<p><a href=\"https:\/\/compras.tierradelfuego.gob.ar\/wp-content\/uploads\/2026\/03\/resolucion-med-n-0540-2026.pdf\">resolucion-med-n-0540-2026<\/a><\/p>\n<p>&nbsp;<\/p>\n","protected":false},"excerpt":{"rendered":"<p>COMPRA\u00a0DIRECTA N\u00b0 02\/26 &#8211; RAF 521 &#8211; EXPEDIENTE N\u00ba MED-E-6346\/2026. DIFUSI\u00d3N:\u00a0RESOLUCI\u00d3N\u00a0DE\u00a0ADJUDICACI\u00d3N M.ED. N\u00b0 0540\/2026 Y\u00a0ORDEN\u00a0DE\u00a0COMPRA\u00a0N\u00b0 02\/26. A\u00a0FAVOR\u00a0DE\u00a0LA\u00a0FIRMA\u00a0QUE SE DETALLA\u00a0A\u00a0CONTINUACI\u00d3N:\u00a0 BLANCO MARIA VICTORIA \u2013 C.U.I.T. N\u00ba: 27-41322276-7 OBJETO: S\/ \u201cTRAMITA LA LOCACI\u00d3N DE SERVICIOS DE PERSONA HUMANA CON PERFIL ID\u00d3NEO PARA DESEMPE\u00d1AR TAREAS ADMINISTRATIVAS, EN EL \u00c1MBITO DE LA DIRECCI\u00d3N PROVINCIAL DE SERVICIOS GENERALES ZONA NORTE [&hellip;]<\/p>\n","protected":false},"author":17,"featured_media":0,"comment_status":"closed","ping_status":"closed","sticky":false,"template":"","format":"standard","meta":{"footnotes":""},"categories":[186,3,11,22],"tags":[],"class_list":["post-266779","post","type-post","status-publish","format-standard","hentry","category-adjudicadas","category-compras","category-directa","category-ministerio-de-educacion"],"_links":{"self":[{"href":"https:\/\/compras.tierradelfuego.gob.ar\/index.php?rest_route=\/wp\/v2\/posts\/266779","targetHints":{"allow":["GET"]}}],"collection":[{"href":"https:\/\/compras.tierradelfuego.gob.ar\/index.php?rest_route=\/wp\/v2\/posts"}],"about":[{"href":"https:\/\/compras.tierradelfuego.gob.ar\/index.php?rest_route=\/wp\/v2\/types\/post"}],"author":[{"embeddable":true,"href":"https:\/\/compras.tierradelfuego.gob.ar\/index.php?rest_route=\/wp\/v2\/users\/17"}],"replies":[{"embeddable":true,"href":"https:\/\/compras.tierradelfuego.gob.ar\/index.php?rest_route=%2Fwp%2Fv2%2Fcomments&post=266779"}],"version-history":[{"count":1,"href":"https:\/\/compras.tierradelfuego.gob.ar\/index.php?rest_route=\/wp\/v2\/posts\/266779\/revisions"}],"predecessor-version":[{"id":266782,"href":"https:\/\/compras.tierradelfuego.gob.ar\/index.php?rest_route=\/wp\/v2\/posts\/266779\/revisions\/266782"}],"wp:attachment":[{"href":"https:\/\/compras.tierradelfuego.gob.ar\/index.php?rest_route=%2Fwp%2Fv2%2Fmedia&parent=266779"}],"wp:term":[{"taxonomy":"category","embeddable":true,"href":"https:\/\/compras.tierradelfuego.gob.ar\/index.php?rest_route=%2Fwp%2Fv2%2Fcategories&post=266779"},{"taxonomy":"post_tag","embeddable":true,"href":"https:\/\/compras.tierradelfuego.gob.ar\/index.php?rest_route=%2Fwp%2Fv2%2Ftags&post=266779"}],"curies":[{"name":"wp","href":"https:\/\/api.w.org\/{rel}","templated":true}]}}