{"id":266770,"date":"2026-03-12T15:19:11","date_gmt":"2026-03-12T18:19:11","guid":{"rendered":"https:\/\/compras.tierradelfuego.gob.ar\/?p=266770"},"modified":"2026-03-12T15:19:19","modified_gmt":"2026-03-12T18:19:19","slug":"contratacion-directa-n-35-26-raf-101-referida-a-s-contratacion-del-servicio-de-una-productora-para-la-velada-por-la-memoria-la-verdad-y-la-justicia-desarrollado-por-la","status":"publish","type":"post","link":"https:\/\/compras.tierradelfuego.gob.ar\/?p=266770","title":{"rendered":"CONTRATACI\u00d3N DIRECTA N\u00b0 35\/26 RAF 101, REFERIDA A\u00a0\u00abS\/CONTRATACI\u00d3N DEL SERVICIO DE UNA PRODUCTORA PARA LA \u201cVELADA POR LA MEMORIA, LA VERDAD Y LA JUSTICIA\u00bb\u00a0DESARROLLADO POR LA\u00a0SECRETAR\u00cdA DE POL\u00cdTICAS PARA LAS JUVENTUDES DEPENDIENTE AL MINISTERIO DE JEFATURA DE GABINETE, LA CUAL SE TRAMITA POR EXPEDIENTE ELECTR\u00d3NICO E-22183-2026."},"content":{"rendered":"<p>CONTRATACI\u00d3N DIRECTA N\u00b0 35\/26 RAF 101, REFERIDA A\u00a0\u00abS\/CONTRATACI\u00d3N DEL SERVICIO DE UNA PRODUCTORA PARA LA \u201cVELADA POR LA MEMORIA, LA VERDAD Y LA JUSTICIA\u00bb\u00a0DESARROLLADO POR LA\u00a0SECRETAR\u00cdA DE POL\u00cdTICAS PARA LAS JUVENTUDES DEPENDIENTE AL MINISTERIO DE JEFATURA DE GABINETE, LA CUAL SE TRAMITA POR EXPEDIENTE ELECTR\u00d3NICO E-22183-2026.<\/p>\n<p>&nbsp;<\/p>\n<p>FECHA L\u00cdMITE DE RECEPCI\u00d3N DE OFERTA:\u00a013-03-2026 &#8211; 13:00 HS.<\/p>\n<p>FECHA DE APERTURA:\u00a013-03-2026 &#8211; 13:00 HS.<\/p>\n<p>LUGAR DE RECEPCI\u00d3N DE OFERTA:\u00a0PREFECTURA NAVAL N\u00b0377 DPTO. B\u00a0-JUVENTUDESTDF.ADM@GMAIL.COM- R\u00cdO GRANDE.<\/p>\n<p>LUGAR DE APERTURA:\u00a0PREFECTURA NAVAL N\u00b0377 DPTO. B<\/p>\n<p>&nbsp;<\/p>\n<p><a href=\"https:\/\/compras.tierradelfuego.gob.ar\/wp-content\/uploads\/2026\/03\/formulario_cotizacion-nro-35-ejer-2026-raf-101-rnd-189.pdf\">formulario_cotizacion-nro-35-ejer-2026-raf-101-rnd-189<\/a><\/p>\n","protected":false},"excerpt":{"rendered":"<p>CONTRATACI\u00d3N DIRECTA N\u00b0 35\/26 RAF 101, REFERIDA A\u00a0\u00abS\/CONTRATACI\u00d3N DEL SERVICIO DE UNA PRODUCTORA PARA LA \u201cVELADA POR LA MEMORIA, LA VERDAD Y LA JUSTICIA\u00bb\u00a0DESARROLLADO POR LA\u00a0SECRETAR\u00cdA DE POL\u00cdTICAS PARA LAS JUVENTUDES DEPENDIENTE AL MINISTERIO DE JEFATURA DE GABINETE, LA CUAL SE TRAMITA POR EXPEDIENTE ELECTR\u00d3NICO E-22183-2026. &nbsp; FECHA L\u00cdMITE DE RECEPCI\u00d3N DE OFERTA:\u00a013-03-2026 &#8211; 13:00 [&hellip;]<\/p>\n","protected":false},"author":17,"featured_media":0,"comment_status":"closed","ping_status":"closed","sticky":false,"template":"","format":"standard","meta":{"footnotes":""},"categories":[3,11,28],"tags":[],"class_list":["post-266770","post","type-post","status-publish","format-standard","hentry","category-compras","category-directa","category-ministerio-jefatura-de-gabinete"],"_links":{"self":[{"href":"https:\/\/compras.tierradelfuego.gob.ar\/index.php?rest_route=\/wp\/v2\/posts\/266770","targetHints":{"allow":["GET"]}}],"collection":[{"href":"https:\/\/compras.tierradelfuego.gob.ar\/index.php?rest_route=\/wp\/v2\/posts"}],"about":[{"href":"https:\/\/compras.tierradelfuego.gob.ar\/index.php?rest_route=\/wp\/v2\/types\/post"}],"author":[{"embeddable":true,"href":"https:\/\/compras.tierradelfuego.gob.ar\/index.php?rest_route=\/wp\/v2\/users\/17"}],"replies":[{"embeddable":true,"href":"https:\/\/compras.tierradelfuego.gob.ar\/index.php?rest_route=%2Fwp%2Fv2%2Fcomments&post=266770"}],"version-history":[{"count":1,"href":"https:\/\/compras.tierradelfuego.gob.ar\/index.php?rest_route=\/wp\/v2\/posts\/266770\/revisions"}],"predecessor-version":[{"id":266772,"href":"https:\/\/compras.tierradelfuego.gob.ar\/index.php?rest_route=\/wp\/v2\/posts\/266770\/revisions\/266772"}],"wp:attachment":[{"href":"https:\/\/compras.tierradelfuego.gob.ar\/index.php?rest_route=%2Fwp%2Fv2%2Fmedia&parent=266770"}],"wp:term":[{"taxonomy":"category","embeddable":true,"href":"https:\/\/compras.tierradelfuego.gob.ar\/index.php?rest_route=%2Fwp%2Fv2%2Fcategories&post=266770"},{"taxonomy":"post_tag","embeddable":true,"href":"https:\/\/compras.tierradelfuego.gob.ar\/index.php?rest_route=%2Fwp%2Fv2%2Ftags&post=266770"}],"curies":[{"name":"wp","href":"https:\/\/api.w.org\/{rel}","templated":true}]}}