{"id":266719,"date":"2026-03-12T12:46:59","date_gmt":"2026-03-12T15:46:59","guid":{"rendered":"https:\/\/compras.tierradelfuego.gob.ar\/?p=266719"},"modified":"2026-03-12T12:51:27","modified_gmt":"2026-03-12T15:51:27","slug":"adjudicacion-compra-directa-n-01-26-raf-521-expediente-no-med-e-7411-2026","status":"publish","type":"post","link":"https:\/\/compras.tierradelfuego.gob.ar\/?p=266719","title":{"rendered":"ADJUDICACI\u00d3N &#8211; COMPRA\u00a0DIRECTA N\u00b0 01\/26 &#8211; RAF 521.  EXPEDIENTE N\u00ba MED-E-7411\/2026."},"content":{"rendered":"<p>COMPRA\u00a0DIRECTA N\u00b0 01\/26 &#8211; RAF 521.<\/p>\n<p><span style=\"font-style: inherit; font-weight: inherit;\">EXPEDIENTE N\u00ba MED-E-7411\/2026<\/span>.<\/p>\n<p><span style=\"font-style: inherit; font-weight: inherit;\">DIFUSI\u00d3N:\u00a0RESOLUCI\u00d3N\u00a0DE\u00a0ADJUDICACI\u00d3N M.ED. N\u00b00551\/26 Y\u00a0ORDEN\u00a0DE\u00a0COMPRA\u00a0N\u00b0 01\/26.<\/span><\/p>\n<p><span style=\"font-style: inherit; font-weight: inherit;\">A\u00a0FAVOR\u00a0DE\u00a0LA\u00a0FIRMA\u00a0QUE SE DETALLA\u00a0A\u00a0CONTINUACI\u00d3N:\u00a0<\/span><\/p>\n<p>\u00abRODRIGUEZ CASTRO KAREN ELIZABETH\u00bb CUIT N\u00b0\u00a027- 38785449-0<\/p>\n<p>&nbsp;<\/p>\n<p>&nbsp;<\/p>\n<p><span style=\"font-style: inherit; font-weight: inherit;\">OBJETO:\u00a0\u201cS\/\u00a0LOCACI\u00d3N DE SERVICIOS DE PERSONA HUMANA CON PERFIL ID\u00d3NEO PARA DESEMPE\u00d1AR TAREAS ADMINISTRATIVAS, EN EL \u00c1MBITO DE LA SUBDIRECCI\u00d3N GENERAL DE COMPRAS Y CONTRATACIONES, DEPENDIENTE DE LA DIRECCI\u00d3N DE GENERAL DE ADMINISTRACI\u00d3N FINANCIERA DEL MINISTERIO DE EDUCACI\u00d3N\u201d<\/span><\/p>\n<p>&nbsp;<\/p>\n<p>&nbsp;<\/p>\n<p>&nbsp;<\/p>\n<p><a href=\"https:\/\/compras.tierradelfuego.gob.ar\/wp-content\/uploads\/2026\/03\/resolucion-med-n-0551-2026.pdf\">resolucion-med-n-0551-2026<\/a><\/p>\n<p>&nbsp;<\/p>\n<p><a href=\"https:\/\/compras.tierradelfuego.gob.ar\/wp-content\/uploads\/2026\/03\/orden-de-compra-n-1.pdf\">orden-de-compra-n-1<\/a><\/p>\n","protected":false},"excerpt":{"rendered":"<p>COMPRA\u00a0DIRECTA N\u00b0 01\/26 &#8211; RAF 521. EXPEDIENTE N\u00ba MED-E-7411\/2026. DIFUSI\u00d3N:\u00a0RESOLUCI\u00d3N\u00a0DE\u00a0ADJUDICACI\u00d3N M.ED. N\u00b00551\/26 Y\u00a0ORDEN\u00a0DE\u00a0COMPRA\u00a0N\u00b0 01\/26. A\u00a0FAVOR\u00a0DE\u00a0LA\u00a0FIRMA\u00a0QUE SE DETALLA\u00a0A\u00a0CONTINUACI\u00d3N:\u00a0 \u00abRODRIGUEZ CASTRO KAREN ELIZABETH\u00bb CUIT N\u00b0\u00a027- 38785449-0 &nbsp; &nbsp; OBJETO:\u00a0\u201cS\/\u00a0LOCACI\u00d3N DE SERVICIOS DE PERSONA HUMANA CON PERFIL ID\u00d3NEO PARA DESEMPE\u00d1AR TAREAS ADMINISTRATIVAS, EN EL \u00c1MBITO DE LA SUBDIRECCI\u00d3N GENERAL DE COMPRAS Y CONTRATACIONES, DEPENDIENTE DE LA DIRECCI\u00d3N DE [&hellip;]<\/p>\n","protected":false},"author":17,"featured_media":0,"comment_status":"closed","ping_status":"closed","sticky":false,"template":"","format":"standard","meta":{"footnotes":""},"categories":[186,3,11,22],"tags":[],"class_list":["post-266719","post","type-post","status-publish","format-standard","hentry","category-adjudicadas","category-compras","category-directa","category-ministerio-de-educacion"],"_links":{"self":[{"href":"https:\/\/compras.tierradelfuego.gob.ar\/index.php?rest_route=\/wp\/v2\/posts\/266719","targetHints":{"allow":["GET"]}}],"collection":[{"href":"https:\/\/compras.tierradelfuego.gob.ar\/index.php?rest_route=\/wp\/v2\/posts"}],"about":[{"href":"https:\/\/compras.tierradelfuego.gob.ar\/index.php?rest_route=\/wp\/v2\/types\/post"}],"author":[{"embeddable":true,"href":"https:\/\/compras.tierradelfuego.gob.ar\/index.php?rest_route=\/wp\/v2\/users\/17"}],"replies":[{"embeddable":true,"href":"https:\/\/compras.tierradelfuego.gob.ar\/index.php?rest_route=%2Fwp%2Fv2%2Fcomments&post=266719"}],"version-history":[{"count":2,"href":"https:\/\/compras.tierradelfuego.gob.ar\/index.php?rest_route=\/wp\/v2\/posts\/266719\/revisions"}],"predecessor-version":[{"id":266723,"href":"https:\/\/compras.tierradelfuego.gob.ar\/index.php?rest_route=\/wp\/v2\/posts\/266719\/revisions\/266723"}],"wp:attachment":[{"href":"https:\/\/compras.tierradelfuego.gob.ar\/index.php?rest_route=%2Fwp%2Fv2%2Fmedia&parent=266719"}],"wp:term":[{"taxonomy":"category","embeddable":true,"href":"https:\/\/compras.tierradelfuego.gob.ar\/index.php?rest_route=%2Fwp%2Fv2%2Fcategories&post=266719"},{"taxonomy":"post_tag","embeddable":true,"href":"https:\/\/compras.tierradelfuego.gob.ar\/index.php?rest_route=%2Fwp%2Fv2%2Ftags&post=266719"}],"curies":[{"name":"wp","href":"https:\/\/api.w.org\/{rel}","templated":true}]}}