{"id":266449,"date":"2026-03-10T14:54:43","date_gmt":"2026-03-10T17:54:43","guid":{"rendered":"https:\/\/compras.tierradelfuego.gob.ar\/?p=266449"},"modified":"2026-03-10T14:56:19","modified_gmt":"2026-03-10T17:56:19","slug":"pre-adjudicacion-compra-directa-no-05-26-raf-521-expediente-n-m-ed-e-6371-2026","status":"publish","type":"post","link":"https:\/\/compras.tierradelfuego.gob.ar\/?p=266449","title":{"rendered":"PRE ADJUDICACI\u00d3N \u2013 COMPRA DIRECTA. N\u00ba 05\/26 &#8211; RAF 521 EXPEDIENTE N\u00b0 M.ED. E-6371-2026."},"content":{"rendered":"<p>PRE ADJUDICACI\u00d3N \u2013 COMPRA DIRECTA. N\u00ba 05\/26 &#8211; RAF 521 EXPEDIENTE N\u00b0 M.ED. E-6371-2026.<\/p>\n<p><strong>OBJETO:<\/strong>\u00a0\u201c LOCACI\u00d3N DE SERVICIOS DE PERSONA HUMANA CON PERFIL ID\u00d3NEO PARA DESEMPE\u00d1AR TAREAS ADMINISTRATIVAS, EN EL \u00c1MBITO DE LA DIRECCI\u00d3N PROVINCIAL DE SERVICIOS GENERALES ZONA NORTE Y CENTRO,\u00a0DEPENDIENTE DE LA SUBSECRETAR\u00cdA DE SERVICIOS DE INSUMOS ALIMENTARIOS DEL\u00a0MINISTERIO DE EDUCACI\u00d3N\u00a0\u201d<\/p>\n<p>&nbsp;<\/p>\n<p>&nbsp;<\/p>\n<p><strong>\u00c1REA SOLICTANTE:<\/strong>\u00a0DIRECCI\u00d3N PROVINCIAL DE SERVICIOS GENERALES ZONA NORTE Y CENTRO &#8211; MED<\/p>\n<p>&nbsp;<\/p>\n<p><a href=\"https:\/\/compras.tierradelfuego.gob.ar\/wp-content\/uploads\/2026\/03\/planilla-de-preadjudicacion-76.pdf\">planilla-de-preadjudicacion-76<\/a><\/p>\n<p>&nbsp;<\/p>\n<p><a href=\"https:\/\/compras.tierradelfuego.gob.ar\/wp-content\/uploads\/2026\/03\/dcyc-nota-2471-26-o.m-sra-alvarado-mauricio-.pdf\">dcyc-nota-2471-26-o.m-sra-alvarado-mauricio-<\/a><\/p>\n<p>&nbsp;<\/p>\n<p>&nbsp;<\/p>\n<p>&nbsp;<\/p>\n<p>&nbsp;<\/p>\n","protected":false},"excerpt":{"rendered":"<p>PRE ADJUDICACI\u00d3N \u2013 COMPRA DIRECTA. N\u00ba 05\/26 &#8211; RAF 521 EXPEDIENTE N\u00b0 M.ED. E-6371-2026. OBJETO:\u00a0\u201c LOCACI\u00d3N DE SERVICIOS DE PERSONA HUMANA CON PERFIL ID\u00d3NEO PARA DESEMPE\u00d1AR TAREAS ADMINISTRATIVAS, EN EL \u00c1MBITO DE LA DIRECCI\u00d3N PROVINCIAL DE SERVICIOS GENERALES ZONA NORTE Y CENTRO,\u00a0DEPENDIENTE DE LA SUBSECRETAR\u00cdA DE SERVICIOS DE INSUMOS ALIMENTARIOS DEL\u00a0MINISTERIO DE EDUCACI\u00d3N\u00a0\u201d &nbsp; &nbsp; [&hellip;]<\/p>\n","protected":false},"author":17,"featured_media":0,"comment_status":"closed","ping_status":"closed","sticky":false,"template":"","format":"standard","meta":{"footnotes":""},"categories":[3,11,22,184],"tags":[],"class_list":["post-266449","post","type-post","status-publish","format-standard","hentry","category-compras","category-directa","category-ministerio-de-educacion","category-preadjudicadas"],"_links":{"self":[{"href":"https:\/\/compras.tierradelfuego.gob.ar\/index.php?rest_route=\/wp\/v2\/posts\/266449","targetHints":{"allow":["GET"]}}],"collection":[{"href":"https:\/\/compras.tierradelfuego.gob.ar\/index.php?rest_route=\/wp\/v2\/posts"}],"about":[{"href":"https:\/\/compras.tierradelfuego.gob.ar\/index.php?rest_route=\/wp\/v2\/types\/post"}],"author":[{"embeddable":true,"href":"https:\/\/compras.tierradelfuego.gob.ar\/index.php?rest_route=\/wp\/v2\/users\/17"}],"replies":[{"embeddable":true,"href":"https:\/\/compras.tierradelfuego.gob.ar\/index.php?rest_route=%2Fwp%2Fv2%2Fcomments&post=266449"}],"version-history":[{"count":2,"href":"https:\/\/compras.tierradelfuego.gob.ar\/index.php?rest_route=\/wp\/v2\/posts\/266449\/revisions"}],"predecessor-version":[{"id":266453,"href":"https:\/\/compras.tierradelfuego.gob.ar\/index.php?rest_route=\/wp\/v2\/posts\/266449\/revisions\/266453"}],"wp:attachment":[{"href":"https:\/\/compras.tierradelfuego.gob.ar\/index.php?rest_route=%2Fwp%2Fv2%2Fmedia&parent=266449"}],"wp:term":[{"taxonomy":"category","embeddable":true,"href":"https:\/\/compras.tierradelfuego.gob.ar\/index.php?rest_route=%2Fwp%2Fv2%2Fcategories&post=266449"},{"taxonomy":"post_tag","embeddable":true,"href":"https:\/\/compras.tierradelfuego.gob.ar\/index.php?rest_route=%2Fwp%2Fv2%2Ftags&post=266449"}],"curies":[{"name":"wp","href":"https:\/\/api.w.org\/{rel}","templated":true}]}}