{"id":265690,"date":"2026-03-02T14:35:14","date_gmt":"2026-03-02T17:35:14","guid":{"rendered":"https:\/\/compras.tierradelfuego.gob.ar\/?p=265690"},"modified":"2026-03-02T14:37:13","modified_gmt":"2026-03-02T17:37:13","slug":"pre-adjudicacion-licitacion-privada-no-19-2025-expediente-electronico-dposs-n-417-2025","status":"publish","type":"post","link":"https:\/\/compras.tierradelfuego.gob.ar\/?p=265690","title":{"rendered":"PRE-ADJUDICACI\u00d3N LICITACI\u00d3N PRIVADA N\u00ba 19\/2025 EXPEDIENTE ELECTR\u00d3NICO DPOSS N\u00b0 417-2025"},"content":{"rendered":"<p>PRE-ADJUDICACI\u00d3N LICITACI\u00d3N PRIVADA N\u00ba 19\/2025 EXPEDIENTE ELECTR\u00d3NICO DPOSS N\u00b0 417-2025<\/p>\n<p>LA DIRECCI\u00d3N PROVINCIAL DE OBRAS Y SERVICIOS SANITARIOS, COMUNICA QUE LA COMISI\u00d3N DE ESTUDIO Y EVALUACI\u00d3N DE OFERTAS DESIGNADA MEDIANTE DISPOSICI\u00d3N\u00a0 DPOSS N\u00b0\u00a0599\/2025 LABRO EL ACTA DE PREADJUDICACI\u00d3N DE FECHA 09\u00a0DE FEBRERO\u00a0DE 2026, QUIEN HA CONSIDERADO ADJUDICAR LA LICITACI\u00d3N PRIVADA N\u00ba 19\/2025 DESTINADA A LA \u201cADQUISICI\u00d3N DE DOS (02) SERVIDORES Y DISPOSITIVOS DE RED DESTINADOS AL DE \u00c1REA INFORM\u00c1TICA Y COMUNICACIONES DEPENDIENTE DE ESTA DIRECCI\u00d3N PROVINCIAL\u201d,<strong>\u00a0A \u00a0LA\u00a0FIRMA\u00a0UNIPERSONAL DEL SR.\u00a0GUSTAVO CESAR LLANES CUIT\u00a0N\u00b0\u00a020-17494253-7,\u00a0<\/strong>CONFORME LOS ARGUMENTOS ALL\u00cd EXPUESTOS; CUYO CRITERIO HA SIDO COMPARTIDO POR LA\u00a0DIRECTOR PROVINCIAL\u00a0A\/C\u00a0DE ESTE ORGANISMO\u201d.<\/p>\n<p><a href=\"https:\/\/compras.tierradelfuego.gob.ar\/wp-content\/uploads\/2026\/03\/informe-de-pre-adjudicacion-lp-n-19-2025.pdf\">informe-de-pre-adjudicacion-lp-n-19-2025<\/a><\/p>\n<p>&nbsp;<\/p>\n<p><a href=\"https:\/\/compras.tierradelfuego.gob.ar\/wp-content\/uploads\/2026\/03\/intervencion-dpa-1.pdf\">intervencion-dpa-1<\/a><\/p>\n","protected":false},"excerpt":{"rendered":"<p>PRE-ADJUDICACI\u00d3N LICITACI\u00d3N PRIVADA N\u00ba 19\/2025 EXPEDIENTE ELECTR\u00d3NICO DPOSS N\u00b0 417-2025 LA DIRECCI\u00d3N PROVINCIAL DE OBRAS Y SERVICIOS SANITARIOS, COMUNICA QUE LA COMISI\u00d3N DE ESTUDIO Y EVALUACI\u00d3N DE OFERTAS DESIGNADA MEDIANTE DISPOSICI\u00d3N\u00a0 DPOSS N\u00b0\u00a0599\/2025 LABRO EL ACTA DE PREADJUDICACI\u00d3N DE FECHA 09\u00a0DE FEBRERO\u00a0DE 2026, QUIEN HA CONSIDERADO ADJUDICAR LA LICITACI\u00d3N PRIVADA N\u00ba 19\/2025 DESTINADA A LA [&hellip;]<\/p>\n","protected":false},"author":17,"featured_media":0,"comment_status":"closed","ping_status":"closed","sticky":false,"template":"","format":"standard","meta":{"footnotes":""},"categories":[3,148,18,184],"tags":[],"class_list":["post-265690","post","type-post","status-publish","format-standard","hentry","category-compras","category-dposs","category-licitacion-privada","category-preadjudicadas"],"_links":{"self":[{"href":"https:\/\/compras.tierradelfuego.gob.ar\/index.php?rest_route=\/wp\/v2\/posts\/265690","targetHints":{"allow":["GET"]}}],"collection":[{"href":"https:\/\/compras.tierradelfuego.gob.ar\/index.php?rest_route=\/wp\/v2\/posts"}],"about":[{"href":"https:\/\/compras.tierradelfuego.gob.ar\/index.php?rest_route=\/wp\/v2\/types\/post"}],"author":[{"embeddable":true,"href":"https:\/\/compras.tierradelfuego.gob.ar\/index.php?rest_route=\/wp\/v2\/users\/17"}],"replies":[{"embeddable":true,"href":"https:\/\/compras.tierradelfuego.gob.ar\/index.php?rest_route=%2Fwp%2Fv2%2Fcomments&post=265690"}],"version-history":[{"count":1,"href":"https:\/\/compras.tierradelfuego.gob.ar\/index.php?rest_route=\/wp\/v2\/posts\/265690\/revisions"}],"predecessor-version":[{"id":265693,"href":"https:\/\/compras.tierradelfuego.gob.ar\/index.php?rest_route=\/wp\/v2\/posts\/265690\/revisions\/265693"}],"wp:attachment":[{"href":"https:\/\/compras.tierradelfuego.gob.ar\/index.php?rest_route=%2Fwp%2Fv2%2Fmedia&parent=265690"}],"wp:term":[{"taxonomy":"category","embeddable":true,"href":"https:\/\/compras.tierradelfuego.gob.ar\/index.php?rest_route=%2Fwp%2Fv2%2Fcategories&post=265690"},{"taxonomy":"post_tag","embeddable":true,"href":"https:\/\/compras.tierradelfuego.gob.ar\/index.php?rest_route=%2Fwp%2Fv2%2Ftags&post=265690"}],"curies":[{"name":"wp","href":"https:\/\/api.w.org\/{rel}","templated":true}]}}