{"id":264456,"date":"2026-02-06T12:50:59","date_gmt":"2026-02-06T15:50:59","guid":{"rendered":"https:\/\/compras.tierradelfuego.gob.ar\/?p=264456"},"modified":"2026-02-06T12:54:23","modified_gmt":"2026-02-06T15:54:23","slug":"segunda-redeterminacion-de-precios-de-la-orden-de-compra-n-08-2025-resolucion-secretaria-de-coordinacion-legal-n-03-2026-contratacion-de-un-1-personal-tecnico-universitario-destinado-a","status":"publish","type":"post","link":"https:\/\/compras.tierradelfuego.gob.ar\/?p=264456","title":{"rendered":"SEGUNDA REDETERMINACI\u00d3N DE PRECIOS DE LA ORDEN DE COMPRA N\u00b0 08\/2025.RESOLUCION SECRETAR\u00cdA DE COORDINACI\u00d3N LEGAL N\u00b0 03\/2026 CONTRATACI\u00d3N DE UN (1) PERSONAL T\u00c9CNICO UNIVERSITARIO, DESTINADO A ESCRIBANIA GENERAL DE GOBIERNO."},"content":{"rendered":"<p>SEGUNDA REDETERMINACI\u00d3N DE PRECIOS DE LA ORDEN DE COMPRA N\u00b0 08\/2025.RESOLUCION SECRETAR\u00cdA DE COORDINACI\u00d3N LEGAL N\u00b0 03\/2026<\/p>\n<p>CONTRATACI\u00d3N DE UN (1) PERSONAL T\u00c9CNICO UNIVERSITARIO, DESTINADO A ESCRIBANIA GENERAL DE GOBIERNO.<\/p>\n<p>&nbsp;<\/p>\n<p><a href=\"https:\/\/compras.tierradelfuego.gob.ar\/wp-content\/uploads\/2026\/02\/res.-s.c.l.-03.2026-redeterminaciion-de-precios-modelo-adenada-matic-colmeiro_.pdf\">res.-s.c.l.-03.2026-redeterminaciion-de-precios-modelo-adenada-matic-colmeiro_<\/a><\/p>\n","protected":false},"excerpt":{"rendered":"<p>SEGUNDA REDETERMINACI\u00d3N DE PRECIOS DE LA ORDEN DE COMPRA N\u00b0 08\/2025.RESOLUCION SECRETAR\u00cdA DE COORDINACI\u00d3N LEGAL N\u00b0 03\/2026 CONTRATACI\u00d3N DE UN (1) PERSONAL T\u00c9CNICO UNIVERSITARIO, DESTINADO A ESCRIBANIA GENERAL DE GOBIERNO. &nbsp; res.-s.c.l.-03.2026-redeterminaciion-de-precios-modelo-adenada-matic-colmeiro_<\/p>\n","protected":false},"author":17,"featured_media":0,"comment_status":"closed","ping_status":"closed","sticky":false,"template":"","format":"standard","meta":{"footnotes":""},"categories":[3,11,34],"tags":[],"class_list":["post-264456","post","type-post","status-publish","format-standard","hentry","category-compras","category-directa","category-secretaria-de-legal-y-tecnica"],"_links":{"self":[{"href":"https:\/\/compras.tierradelfuego.gob.ar\/index.php?rest_route=\/wp\/v2\/posts\/264456","targetHints":{"allow":["GET"]}}],"collection":[{"href":"https:\/\/compras.tierradelfuego.gob.ar\/index.php?rest_route=\/wp\/v2\/posts"}],"about":[{"href":"https:\/\/compras.tierradelfuego.gob.ar\/index.php?rest_route=\/wp\/v2\/types\/post"}],"author":[{"embeddable":true,"href":"https:\/\/compras.tierradelfuego.gob.ar\/index.php?rest_route=\/wp\/v2\/users\/17"}],"replies":[{"embeddable":true,"href":"https:\/\/compras.tierradelfuego.gob.ar\/index.php?rest_route=%2Fwp%2Fv2%2Fcomments&post=264456"}],"version-history":[{"count":1,"href":"https:\/\/compras.tierradelfuego.gob.ar\/index.php?rest_route=\/wp\/v2\/posts\/264456\/revisions"}],"predecessor-version":[{"id":264458,"href":"https:\/\/compras.tierradelfuego.gob.ar\/index.php?rest_route=\/wp\/v2\/posts\/264456\/revisions\/264458"}],"wp:attachment":[{"href":"https:\/\/compras.tierradelfuego.gob.ar\/index.php?rest_route=%2Fwp%2Fv2%2Fmedia&parent=264456"}],"wp:term":[{"taxonomy":"category","embeddable":true,"href":"https:\/\/compras.tierradelfuego.gob.ar\/index.php?rest_route=%2Fwp%2Fv2%2Fcategories&post=264456"},{"taxonomy":"post_tag","embeddable":true,"href":"https:\/\/compras.tierradelfuego.gob.ar\/index.php?rest_route=%2Fwp%2Fv2%2Ftags&post=264456"}],"curies":[{"name":"wp","href":"https:\/\/api.w.org\/{rel}","templated":true}]}}