{"id":264052,"date":"2026-01-29T14:30:39","date_gmt":"2026-01-29T17:30:39","guid":{"rendered":"https:\/\/compras.tierradelfuego.gob.ar\/?p=264052"},"modified":"2026-01-29T14:34:24","modified_gmt":"2026-01-29T17:34:24","slug":"resolucion-m-ed-n115-26-y-la-orden-de-compra-n-58-26-en-relacion-a-la-compra-directa-n-84-24-raf-521-expediente","status":"publish","type":"post","link":"https:\/\/compras.tierradelfuego.gob.ar\/?p=264052","title":{"rendered":"RESOLUCI\u00d3N M.ED.\u00a0N\u00b0115\/26 Y\u00a0LA\u00a0ORDEN\u00a0DE\u00a0COMPRA\u00a0N\u00b0 58\/26,\u00a0EN\u00a0RELACI\u00d3N\u00a0A\u00a0LA\u00a0COMPRA\u00a0DIRECTA N\u00b0 84\/24 &#8211; RAF 521 &#8211;\u00a0EXPEDIENTE N\u00ba MED-E-71410\/2025. CONTRATACI\u00d3N DIRECTA POR ADJUDICACI\u00d3N SIMPLE &#8211; LOCACI\u00d3N DE SERVICIO PERSONAL ID\u00d3NEO \u00a0&#8211; CHOFER CON VEH\u00cdCULO: SR. BETTIGA JUAN ARNALDO."},"content":{"rendered":"<p>RESOLUCI\u00d3N M.ED.\u00a0N\u00b0115\/26 Y\u00a0LA\u00a0ORDEN\u00a0DE\u00a0COMPRA\u00a0N\u00b0 58\/26,\u00a0EN\u00a0RELACI\u00d3N\u00a0A\u00a0LA\u00a0COMPRA\u00a0DIRECTA N\u00b0 84\/24 &#8211; RAF 521 &#8211;<\/p>\n<p><strong><span style=\"font-style: inherit; font-weight: inherit;\">EXPEDIENTE N\u00ba MED-E-71410\/2025<\/span><\/strong>.<\/p>\n<p><span style=\"font-style: inherit; font-weight: inherit;\"><strong>DIFUSI\u00d3N<\/strong>:\u00a0RESOLUCI\u00d3N M.ED.\u00a0N\u00b0115\/26 Y\u00a0ORDEN\u00a0DE\u00a0COMPRA\u00a0N\u00b0 58\/26.<\/span><\/p>\n<p><span style=\"font-style: inherit; font-weight: inherit;\"><strong>A\u00a0FAVOR\u00a0DE\u00a0LA\u00a0FIRMA\u00a0QUE SE DETALLA\u00a0A\u00a0CONTINUACI\u00d3N<\/strong>:\u00a0\u00abBETTIGA JUAN ARNALDO\u00bb CUIT N\u00b0 20-23585961-1<\/span><\/p>\n<p><span style=\"font-style: inherit; font-weight: inherit;\"><strong>OBJETO<\/strong>:\u00a0\u201cS\/ CONTRATACI\u00d3N DIRECTA POR ADJUDICACI\u00d3N SIMPLE &#8211; LOCACI\u00d3N DE SERVICIO PERSONAL ID\u00d3NEO \u00a0&#8211; CHOFER CON VEH\u00cdCULO: SR. BETTIGA JUAN ARNALDO\u00a0\u201d<\/span><\/p>\n<p><span style=\"font-style: inherit; font-weight: inherit;\">SE ADJUNTA\u00a0RESOLUCI\u00d3N\u00a0Y\u00a0ORDEN\u00a0DE\u00a0COMPRA\u00a0CORRESPONDIENTE.<\/span><\/p>\n<p><strong><a href=\"https:\/\/compras.tierradelfuego.gob.ar\/wp-content\/uploads\/2026\/01\/difusion-resol.-m.ed_.-n-115_26-y-orden-de-compra-n-58_26-raf521-expte-71410_24.zip\">resol.-m.ed_.-n-115_26-y-orden-de-compra-n-58_26-raf521-expte-71410_24<\/a><\/strong><\/p>\n","protected":false},"excerpt":{"rendered":"<p>RESOLUCI\u00d3N M.ED.\u00a0N\u00b0115\/26 Y\u00a0LA\u00a0ORDEN\u00a0DE\u00a0COMPRA\u00a0N\u00b0 58\/26,\u00a0EN\u00a0RELACI\u00d3N\u00a0A\u00a0LA\u00a0COMPRA\u00a0DIRECTA N\u00b0 84\/24 &#8211; RAF 521 &#8211; EXPEDIENTE N\u00ba MED-E-71410\/2025. DIFUSI\u00d3N:\u00a0RESOLUCI\u00d3N M.ED.\u00a0N\u00b0115\/26 Y\u00a0ORDEN\u00a0DE\u00a0COMPRA\u00a0N\u00b0 58\/26. A\u00a0FAVOR\u00a0DE\u00a0LA\u00a0FIRMA\u00a0QUE SE DETALLA\u00a0A\u00a0CONTINUACI\u00d3N:\u00a0\u00abBETTIGA JUAN ARNALDO\u00bb CUIT N\u00b0 20-23585961-1 OBJETO:\u00a0\u201cS\/ CONTRATACI\u00d3N DIRECTA POR ADJUDICACI\u00d3N SIMPLE &#8211; LOCACI\u00d3N DE SERVICIO PERSONAL ID\u00d3NEO \u00a0&#8211; CHOFER CON VEH\u00cdCULO: SR. BETTIGA JUAN ARNALDO\u00a0\u201d SE ADJUNTA\u00a0RESOLUCI\u00d3N\u00a0Y\u00a0ORDEN\u00a0DE\u00a0COMPRA\u00a0CORRESPONDIENTE. resol.-m.ed_.-n-115_26-y-orden-de-compra-n-58_26-raf521-expte-71410_24<\/p>\n","protected":false},"author":20,"featured_media":0,"comment_status":"closed","ping_status":"closed","sticky":false,"template":"","format":"standard","meta":{"footnotes":""},"categories":[186,3,11,22],"tags":[],"class_list":["post-264052","post","type-post","status-publish","format-standard","hentry","category-adjudicadas","category-compras","category-directa","category-ministerio-de-educacion"],"_links":{"self":[{"href":"https:\/\/compras.tierradelfuego.gob.ar\/index.php?rest_route=\/wp\/v2\/posts\/264052","targetHints":{"allow":["GET"]}}],"collection":[{"href":"https:\/\/compras.tierradelfuego.gob.ar\/index.php?rest_route=\/wp\/v2\/posts"}],"about":[{"href":"https:\/\/compras.tierradelfuego.gob.ar\/index.php?rest_route=\/wp\/v2\/types\/post"}],"author":[{"embeddable":true,"href":"https:\/\/compras.tierradelfuego.gob.ar\/index.php?rest_route=\/wp\/v2\/users\/20"}],"replies":[{"embeddable":true,"href":"https:\/\/compras.tierradelfuego.gob.ar\/index.php?rest_route=%2Fwp%2Fv2%2Fcomments&post=264052"}],"version-history":[{"count":1,"href":"https:\/\/compras.tierradelfuego.gob.ar\/index.php?rest_route=\/wp\/v2\/posts\/264052\/revisions"}],"predecessor-version":[{"id":264054,"href":"https:\/\/compras.tierradelfuego.gob.ar\/index.php?rest_route=\/wp\/v2\/posts\/264052\/revisions\/264054"}],"wp:attachment":[{"href":"https:\/\/compras.tierradelfuego.gob.ar\/index.php?rest_route=%2Fwp%2Fv2%2Fmedia&parent=264052"}],"wp:term":[{"taxonomy":"category","embeddable":true,"href":"https:\/\/compras.tierradelfuego.gob.ar\/index.php?rest_route=%2Fwp%2Fv2%2Fcategories&post=264052"},{"taxonomy":"post_tag","embeddable":true,"href":"https:\/\/compras.tierradelfuego.gob.ar\/index.php?rest_route=%2Fwp%2Fv2%2Ftags&post=264052"}],"curies":[{"name":"wp","href":"https:\/\/api.w.org\/{rel}","templated":true}]}}