{"id":263834,"date":"2026-01-23T14:43:59","date_gmt":"2026-01-23T17:43:59","guid":{"rendered":"https:\/\/compras.tierradelfuego.gob.ar\/?p=263834"},"modified":"2026-01-23T14:45:03","modified_gmt":"2026-01-23T17:45:03","slug":"resolucion-de-adjudicacion-m-e-n-1162-2025-licitacion-privada-n-02-2025-raf-103-expediente-electronico-n-mec-e-99589-2025-objeto-locacion","status":"publish","type":"post","link":"https:\/\/compras.tierradelfuego.gob.ar\/?p=263834","title":{"rendered":"RESOLUCI\u00d3N\u00a0DE ADJUDICACI\u00d3N\u00a0M.E.\u00a0N\u00b0\u00a01162-2025.  LICITACI\u00d3N\u00a0PRIVADA\u00a0N\u00b0 02\/2025 &#8211; RAF 103 &#8211; EXPEDIENTE ELECTR\u00d3NICO\u00a0N\u00b0 MEC-E-99589-2025.  OBJETO: LOCACI\u00d3N\u00a0DE UN INMUEBLE EN LA CIUDAD DE R\u00cdO GRANDE DESTINADO AL FUNCIONAMIENTO DE LA DIRECCI\u00d3N PROVINCIAL DE ECONOM\u00cdA POPULAR ZONA NORTE, DEPENDIENTE DE LA SECRETAR\u00cdA DE ECONOM\u00cdA POPULAR Y EMPRENDEDURISMO DEL MINISTERIO DE ECONOM\u00cdA POR EL T\u00c9RMINO DE\u00a0 VEINTICUATRO (24) MESES."},"content":{"rendered":"<p>RESOLUCI\u00d3N\u00a0DE ADJUDICACI\u00d3N\u00a0M.E.\u00a0N\u00b0\u00a01162-2025.<\/p>\n<p>LICITACI\u00d3N\u00a0PRIVADA\u00a0N\u00b0 02\/2025 &#8211; RAF 103 &#8211; EXPEDIENTE ELECTR\u00d3NICO\u00a0N\u00b0 MEC-E-99589-2025.<\/p>\n<p>OBJETO: LOCACI\u00d3N\u00a0DE UN INMUEBLE EN LA CIUDAD DE R\u00cdO GRANDE DESTINADO AL FUNCIONAMIENTO DE LA DIRECCI\u00d3N PROVINCIAL DE ECONOM\u00cdA POPULAR ZONA NORTE, DEPENDIENTE DE LA SECRETAR\u00cdA DE ECONOM\u00cdA POPULAR Y EMPRENDEDURISMO DEL MINISTERIO DE ECONOM\u00cdA POR EL T\u00c9RMINO DE\u00a0 VEINTICUATRO (24) MESES.<\/p>\n<p><a href=\"https:\/\/compras.tierradelfuego.gob.ar\/wp-content\/uploads\/2026\/01\/reso-me-n-1162-25-exp-99589-25-licitacion-privada-n-02-25-alquiler-inmueble-adjudicacion-1-1.pdf\"><strong>reso-me-n-1162-25-exp-99589-25-licitacion-privada-n-02-25-alquiler-inmueble-adjudicacion-<\/strong><\/a><\/p>\n<p>&nbsp;<\/p>\n","protected":false},"excerpt":{"rendered":"<p>RESOLUCI\u00d3N\u00a0DE ADJUDICACI\u00d3N\u00a0M.E.\u00a0N\u00b0\u00a01162-2025. LICITACI\u00d3N\u00a0PRIVADA\u00a0N\u00b0 02\/2025 &#8211; RAF 103 &#8211; EXPEDIENTE ELECTR\u00d3NICO\u00a0N\u00b0 MEC-E-99589-2025. OBJETO: LOCACI\u00d3N\u00a0DE UN INMUEBLE EN LA CIUDAD DE R\u00cdO GRANDE DESTINADO AL FUNCIONAMIENTO DE LA DIRECCI\u00d3N PROVINCIAL DE ECONOM\u00cdA POPULAR ZONA NORTE, DEPENDIENTE DE LA SECRETAR\u00cdA DE ECONOM\u00cdA POPULAR Y EMPRENDEDURISMO DEL MINISTERIO DE ECONOM\u00cdA POR EL T\u00c9RMINO DE\u00a0 VEINTICUATRO (24) MESES. reso-me-n-1162-25-exp-99589-25-licitacion-privada-n-02-25-alquiler-inmueble-adjudicacion- &nbsp;<\/p>\n","protected":false},"author":20,"featured_media":0,"comment_status":"closed","ping_status":"closed","sticky":false,"template":"","format":"standard","meta":{"footnotes":""},"categories":[189,3,18,21],"tags":[],"class_list":["post-263834","post","type-post","status-publish","format-standard","hentry","category-adjudicadas-lpr","category-compras","category-licitacion-privada","category-ministerio-de-economia"],"_links":{"self":[{"href":"https:\/\/compras.tierradelfuego.gob.ar\/index.php?rest_route=\/wp\/v2\/posts\/263834","targetHints":{"allow":["GET"]}}],"collection":[{"href":"https:\/\/compras.tierradelfuego.gob.ar\/index.php?rest_route=\/wp\/v2\/posts"}],"about":[{"href":"https:\/\/compras.tierradelfuego.gob.ar\/index.php?rest_route=\/wp\/v2\/types\/post"}],"author":[{"embeddable":true,"href":"https:\/\/compras.tierradelfuego.gob.ar\/index.php?rest_route=\/wp\/v2\/users\/20"}],"replies":[{"embeddable":true,"href":"https:\/\/compras.tierradelfuego.gob.ar\/index.php?rest_route=%2Fwp%2Fv2%2Fcomments&post=263834"}],"version-history":[{"count":1,"href":"https:\/\/compras.tierradelfuego.gob.ar\/index.php?rest_route=\/wp\/v2\/posts\/263834\/revisions"}],"predecessor-version":[{"id":263836,"href":"https:\/\/compras.tierradelfuego.gob.ar\/index.php?rest_route=\/wp\/v2\/posts\/263834\/revisions\/263836"}],"wp:attachment":[{"href":"https:\/\/compras.tierradelfuego.gob.ar\/index.php?rest_route=%2Fwp%2Fv2%2Fmedia&parent=263834"}],"wp:term":[{"taxonomy":"category","embeddable":true,"href":"https:\/\/compras.tierradelfuego.gob.ar\/index.php?rest_route=%2Fwp%2Fv2%2Fcategories&post=263834"},{"taxonomy":"post_tag","embeddable":true,"href":"https:\/\/compras.tierradelfuego.gob.ar\/index.php?rest_route=%2Fwp%2Fv2%2Ftags&post=263834"}],"curies":[{"name":"wp","href":"https:\/\/api.w.org\/{rel}","templated":true}]}}