{"id":261786,"date":"2025-12-12T15:03:15","date_gmt":"2025-12-12T18:03:15","guid":{"rendered":"https:\/\/compras.tierradelfuego.gob.ar\/?p=261786"},"modified":"2025-12-12T15:03:48","modified_gmt":"2025-12-12T18:03:48","slug":"resolucion-slg-n-213-25-en-la-cual-se-aprueba-la-prorroga-de-la-licitacion-publica-n-02-23-raf-125-perteneciente-al-expte-n-58277-23-s-contratacion-del-servicio-de-alquiler-de-fot","status":"publish","type":"post","link":"https:\/\/compras.tierradelfuego.gob.ar\/?p=261786","title":{"rendered":"RESOLUCI\u00d3N SLG N\u00b0 213\/25, EN LA CUAL SE APRUEBA  LA PR\u00d3RROGA DE LA LICITACI\u00d3N P\u00daBLICA  N\u00b0 02\/23 RAF 125 PERTENECIENTE AL EXPTE N\u00b0 58277\/23 S\/CONTRATACI\u00d3N DEL SERVICIO DE ALQUILER DE FOTOCOPIADORAS PARA LAS DISTINTAS \u00c1REAS PERTENECIENTES A LA ENTONCES SECRETAR\u00cdA GENERAL, LEGAL Y T\u00c9CNICA, ACTUAL SECRETAR\u00cdA LEGAL DE GOBIERNO."},"content":{"rendered":"<p>RESOLUCI\u00d3N SLG N\u00b0 213\/25, EN LA CUAL SE APRUEBA\u00a0 LA PR\u00d3RROGA DE LA LICITACI\u00d3N P\u00daBLICA\u00a0 N\u00b0 02\/23 RAF 125 PERTENECIENTE AL EXPTE N\u00b0 58277\/23 S\/CONTRATACI\u00d3N DEL SERVICIO DE ALQUILER DE FOTOCOPIADORAS PARA LAS DISTINTAS \u00c1REAS PERTENECIENTES A LA ENTONCES SECRETAR\u00cdA GENERAL, LEGAL Y T\u00c9CNICA, ACTUAL SECRETAR\u00cdA LEGAL DE GOBIERNO.<\/p>\n<p>&nbsp;<\/p>\n<p><a href=\"https:\/\/compras.tierradelfuego.gob.ar\/wp-content\/uploads\/2025\/12\/reso-213-25-aprueba-prorroga-advance-sas.pdf\">reso-213-25-aprueba-prorroga-advance-sas<\/a><\/p>\n<p>&nbsp;<\/p>\n","protected":false},"excerpt":{"rendered":"<p>RESOLUCI\u00d3N SLG N\u00b0 213\/25, EN LA CUAL SE APRUEBA\u00a0 LA PR\u00d3RROGA DE LA LICITACI\u00d3N P\u00daBLICA\u00a0 N\u00b0 02\/23 RAF 125 PERTENECIENTE AL EXPTE N\u00b0 58277\/23 S\/CONTRATACI\u00d3N DEL SERVICIO DE ALQUILER DE FOTOCOPIADORAS PARA LAS DISTINTAS \u00c1REAS PERTENECIENTES A LA ENTONCES SECRETAR\u00cdA GENERAL, LEGAL Y T\u00c9CNICA, ACTUAL SECRETAR\u00cdA LEGAL DE GOBIERNO. &nbsp; reso-213-25-aprueba-prorroga-advance-sas &nbsp;<\/p>\n","protected":false},"author":17,"featured_media":0,"comment_status":"closed","ping_status":"closed","sticky":false,"template":"","format":"standard","meta":{"footnotes":""},"categories":[3,19,34],"tags":[],"class_list":["post-261786","post","type-post","status-publish","format-standard","hentry","category-compras","category-licitacion-publica","category-secretaria-de-legal-y-tecnica"],"_links":{"self":[{"href":"https:\/\/compras.tierradelfuego.gob.ar\/index.php?rest_route=\/wp\/v2\/posts\/261786","targetHints":{"allow":["GET"]}}],"collection":[{"href":"https:\/\/compras.tierradelfuego.gob.ar\/index.php?rest_route=\/wp\/v2\/posts"}],"about":[{"href":"https:\/\/compras.tierradelfuego.gob.ar\/index.php?rest_route=\/wp\/v2\/types\/post"}],"author":[{"embeddable":true,"href":"https:\/\/compras.tierradelfuego.gob.ar\/index.php?rest_route=\/wp\/v2\/users\/17"}],"replies":[{"embeddable":true,"href":"https:\/\/compras.tierradelfuego.gob.ar\/index.php?rest_route=%2Fwp%2Fv2%2Fcomments&post=261786"}],"version-history":[{"count":1,"href":"https:\/\/compras.tierradelfuego.gob.ar\/index.php?rest_route=\/wp\/v2\/posts\/261786\/revisions"}],"predecessor-version":[{"id":261788,"href":"https:\/\/compras.tierradelfuego.gob.ar\/index.php?rest_route=\/wp\/v2\/posts\/261786\/revisions\/261788"}],"wp:attachment":[{"href":"https:\/\/compras.tierradelfuego.gob.ar\/index.php?rest_route=%2Fwp%2Fv2%2Fmedia&parent=261786"}],"wp:term":[{"taxonomy":"category","embeddable":true,"href":"https:\/\/compras.tierradelfuego.gob.ar\/index.php?rest_route=%2Fwp%2Fv2%2Fcategories&post=261786"},{"taxonomy":"post_tag","embeddable":true,"href":"https:\/\/compras.tierradelfuego.gob.ar\/index.php?rest_route=%2Fwp%2Fv2%2Ftags&post=261786"}],"curies":[{"name":"wp","href":"https:\/\/api.w.org\/{rel}","templated":true}]}}