{"id":261578,"date":"2025-12-11T11:44:21","date_gmt":"2025-12-11T14:44:21","guid":{"rendered":"https:\/\/compras.tierradelfuego.gob.ar\/?p=261578"},"modified":"2025-12-11T11:44:40","modified_gmt":"2025-12-11T14:44:40","slug":"adjudicacion-contratacion-directa-n-408-25-525-expediente-ms-e-91558-25","status":"publish","type":"post","link":"https:\/\/compras.tierradelfuego.gob.ar\/?p=261578","title":{"rendered":"ADJUDICACION &#8211; CONTRATACION DIRECTA N\u00b0 408\/25-525 &#8211; EXPEDIENTE MS-E-91558\/25"},"content":{"rendered":"<p>RESOLUCI\u00d3N S.R.F. N\u00b0 223\/25 &#8211; CONTRATACION DIRECTA N\u00b0 408\/25-525 &#8211; EXPEDIENTE MS-E-91558\/25<\/p>\n<p>&nbsp;<\/p>\n<p>OBJETO:\u00a0\u00abADQUISICI\u00d3N DE VEINTITR\u00c9S (23) VIDRIOS DESTINADOS AL SERVICIO DE DIAGN\u00d3STICO POR IM\u00c1GENES DEL HOSPITAL REGIONAL R\u00cdO GRANDE, DEPENDIENTE DEL MINISTERIO DE SALUD DE LA PROVINCIA.\u00bb<\/p>\n<p>&nbsp;<\/p>\n<p>&nbsp;<\/p>\n<p><a href=\"https:\/\/compras.tierradelfuego.gob.ar\/wp-content\/uploads\/2025\/12\/resolucion-s.r.f-na-000223-25-cde-e-91558-25.pdf\">resolucion-s.r.f-na-000223-25-cde-e-91558-25<\/a><\/p>\n","protected":false},"excerpt":{"rendered":"<p>RESOLUCI\u00d3N S.R.F. N\u00b0 223\/25 &#8211; CONTRATACION DIRECTA N\u00b0 408\/25-525 &#8211; EXPEDIENTE MS-E-91558\/25 &nbsp; OBJETO:\u00a0\u00abADQUISICI\u00d3N DE VEINTITR\u00c9S (23) VIDRIOS DESTINADOS AL SERVICIO DE DIAGN\u00d3STICO POR IM\u00c1GENES DEL HOSPITAL REGIONAL R\u00cdO GRANDE, DEPENDIENTE DEL MINISTERIO DE SALUD DE LA PROVINCIA.\u00bb &nbsp; &nbsp; resolucion-s.r.f-na-000223-25-cde-e-91558-25<\/p>\n","protected":false},"author":17,"featured_media":0,"comment_status":"closed","ping_status":"closed","sticky":false,"template":"","format":"standard","meta":{"footnotes":""},"categories":[186,3,11,25],"tags":[],"class_list":["post-261578","post","type-post","status-publish","format-standard","hentry","category-adjudicadas","category-compras","category-directa","category-ministerio-de-salud"],"_links":{"self":[{"href":"https:\/\/compras.tierradelfuego.gob.ar\/index.php?rest_route=\/wp\/v2\/posts\/261578","targetHints":{"allow":["GET"]}}],"collection":[{"href":"https:\/\/compras.tierradelfuego.gob.ar\/index.php?rest_route=\/wp\/v2\/posts"}],"about":[{"href":"https:\/\/compras.tierradelfuego.gob.ar\/index.php?rest_route=\/wp\/v2\/types\/post"}],"author":[{"embeddable":true,"href":"https:\/\/compras.tierradelfuego.gob.ar\/index.php?rest_route=\/wp\/v2\/users\/17"}],"replies":[{"embeddable":true,"href":"https:\/\/compras.tierradelfuego.gob.ar\/index.php?rest_route=%2Fwp%2Fv2%2Fcomments&post=261578"}],"version-history":[{"count":1,"href":"https:\/\/compras.tierradelfuego.gob.ar\/index.php?rest_route=\/wp\/v2\/posts\/261578\/revisions"}],"predecessor-version":[{"id":261580,"href":"https:\/\/compras.tierradelfuego.gob.ar\/index.php?rest_route=\/wp\/v2\/posts\/261578\/revisions\/261580"}],"wp:attachment":[{"href":"https:\/\/compras.tierradelfuego.gob.ar\/index.php?rest_route=%2Fwp%2Fv2%2Fmedia&parent=261578"}],"wp:term":[{"taxonomy":"category","embeddable":true,"href":"https:\/\/compras.tierradelfuego.gob.ar\/index.php?rest_route=%2Fwp%2Fv2%2Fcategories&post=261578"},{"taxonomy":"post_tag","embeddable":true,"href":"https:\/\/compras.tierradelfuego.gob.ar\/index.php?rest_route=%2Fwp%2Fv2%2Ftags&post=261578"}],"curies":[{"name":"wp","href":"https:\/\/api.w.org\/{rel}","templated":true}]}}