{"id":258987,"date":"2025-11-14T14:41:29","date_gmt":"2025-11-14T17:41:29","guid":{"rendered":"https:\/\/compras.tierradelfuego.gob.ar\/?p=258987"},"modified":"2025-11-14T14:41:44","modified_gmt":"2025-11-14T17:41:44","slug":"preadjudicacion-c-d-no-115-25-raf-521-expediente-n-med-e-59923-2025","status":"publish","type":"post","link":"https:\/\/compras.tierradelfuego.gob.ar\/?p=258987","title":{"rendered":"PREADJUDICACI\u00d3N\u00a0C.D. N\u00ba 115\/25 &#8211; RAF 521 EXPEDIENTE N\u00b0\u00a0MED-E-59923-2025."},"content":{"rendered":"<p>PREADJUDICACI\u00d3N\u00a0C.D. N\u00ba 115\/25 &#8211; RAF 521 EXPEDIENTE N\u00b0\u00a0<strong>MED-E-59923-2025.<\/strong><\/p>\n<p><span style=\"font-style: inherit; font-weight: inherit;\">\u00a0<\/span><\/p>\n<p><strong><span style=\"font-style: inherit; font-weight: inherit;\">OBJETO<\/span><\/strong>:\u201cCONTRATO DE LOCACI\u00d3N DE SERVICIO DE PERSONA HUMANA CON PERFIL ID\u00d3NEO, COMO CHOFER CON VEH\u00cdCULO, PARA CUBRIR EL TRASLADO DE PERSONAL OPERATIVO DE LA DIRECCI\u00d3N PROVINCIAL DE SEGURIDAD E HIGIENE ZONA NORTE Y CENTRO Y DE LA DIRECCI\u00d3N PROVINCIAL DE MANTENIMIENTO Y SERVICIOS ZONA NORTE Y CENTRO, EN EL \u00c1MBITO DE LA SECRETARIA DE GESTI\u00d3N OPERATIVA, DEPENDIENTE DEL MINISTERIO DE EDUCACI\u00d3N.\u00a0\u00ab.<\/p>\n<p><span style=\"font-style: inherit; font-weight: inherit;\">\u00a0<\/span><\/p>\n<p><strong><span style=\"font-style: inherit; font-weight: inherit;\">\u00c1REA SOLICTANTE<\/span><\/strong>:\u00a0SECRETARIA DE GESTION OPERATIVA<\/p>\n<p>&nbsp;<\/p>\n<p>&nbsp;<\/p>\n<p><a href=\"https:\/\/compras.tierradelfuego.gob.ar\/wp-content\/uploads\/2025\/11\/preadjudicacion-garde-cd-115-25.pdf\">preadjudicacion-garde-cd-115-25<\/a><\/p>\n<p>&nbsp;<\/p>\n<p><a href=\"https:\/\/compras.tierradelfuego.gob.ar\/wp-content\/uploads\/2025\/11\/nota-1037-orden-de-merito.pdf\">nota-1037-orden-de-merito<\/a><\/p>\n<p>&nbsp;<\/p>\n<p>&nbsp;<\/p>\n","protected":false},"excerpt":{"rendered":"<p>PREADJUDICACI\u00d3N\u00a0C.D. N\u00ba 115\/25 &#8211; RAF 521 EXPEDIENTE N\u00b0\u00a0MED-E-59923-2025. \u00a0 OBJETO:\u201cCONTRATO DE LOCACI\u00d3N DE SERVICIO DE PERSONA HUMANA CON PERFIL ID\u00d3NEO, COMO CHOFER CON VEH\u00cdCULO, PARA CUBRIR EL TRASLADO DE PERSONAL OPERATIVO DE LA DIRECCI\u00d3N PROVINCIAL DE SEGURIDAD E HIGIENE ZONA NORTE Y CENTRO Y DE LA DIRECCI\u00d3N PROVINCIAL DE MANTENIMIENTO Y SERVICIOS ZONA NORTE Y [&hellip;]<\/p>\n","protected":false},"author":17,"featured_media":0,"comment_status":"closed","ping_status":"closed","sticky":false,"template":"","format":"standard","meta":{"footnotes":""},"categories":[3,11,22,184],"tags":[],"class_list":["post-258987","post","type-post","status-publish","format-standard","hentry","category-compras","category-directa","category-ministerio-de-educacion","category-preadjudicadas"],"_links":{"self":[{"href":"https:\/\/compras.tierradelfuego.gob.ar\/index.php?rest_route=\/wp\/v2\/posts\/258987","targetHints":{"allow":["GET"]}}],"collection":[{"href":"https:\/\/compras.tierradelfuego.gob.ar\/index.php?rest_route=\/wp\/v2\/posts"}],"about":[{"href":"https:\/\/compras.tierradelfuego.gob.ar\/index.php?rest_route=\/wp\/v2\/types\/post"}],"author":[{"embeddable":true,"href":"https:\/\/compras.tierradelfuego.gob.ar\/index.php?rest_route=\/wp\/v2\/users\/17"}],"replies":[{"embeddable":true,"href":"https:\/\/compras.tierradelfuego.gob.ar\/index.php?rest_route=%2Fwp%2Fv2%2Fcomments&post=258987"}],"version-history":[{"count":1,"href":"https:\/\/compras.tierradelfuego.gob.ar\/index.php?rest_route=\/wp\/v2\/posts\/258987\/revisions"}],"predecessor-version":[{"id":258990,"href":"https:\/\/compras.tierradelfuego.gob.ar\/index.php?rest_route=\/wp\/v2\/posts\/258987\/revisions\/258990"}],"wp:attachment":[{"href":"https:\/\/compras.tierradelfuego.gob.ar\/index.php?rest_route=%2Fwp%2Fv2%2Fmedia&parent=258987"}],"wp:term":[{"taxonomy":"category","embeddable":true,"href":"https:\/\/compras.tierradelfuego.gob.ar\/index.php?rest_route=%2Fwp%2Fv2%2Fcategories&post=258987"},{"taxonomy":"post_tag","embeddable":true,"href":"https:\/\/compras.tierradelfuego.gob.ar\/index.php?rest_route=%2Fwp%2Fv2%2Ftags&post=258987"}],"curies":[{"name":"wp","href":"https:\/\/api.w.org\/{rel}","templated":true}]}}