{"id":258927,"date":"2025-11-14T12:39:40","date_gmt":"2025-11-14T15:39:40","guid":{"rendered":"https:\/\/compras.tierradelfuego.gob.ar\/?p=258927"},"modified":"2025-11-14T12:42:06","modified_gmt":"2025-11-14T15:42:06","slug":"pre-adjudicacion-c-d-no-123-25-raf-107-expediente-n-med-e-96949-2025","status":"publish","type":"post","link":"https:\/\/compras.tierradelfuego.gob.ar\/?p=258927","title":{"rendered":"PRE ADJUDICACI\u00d3N\u00a0C.D. N\u00ba 123\/25 &#8211; RAF 107 EXPEDIENTE N\u00b0\u00a0MED-E-96949-2025."},"content":{"rendered":"<p>PREADJUDICACI\u00d3N\u00a0C.D. N\u00ba 123\/25 &#8211; RAF 107 EXPEDIENTE N\u00b0\u00a0<strong>MED-E-96949-2025.<\/strong><\/p>\n<p><strong><span style=\"font-style: inherit; font-weight: inherit;\">OBJETO<\/span><\/strong>:\u201cCONTRATACI\u00d3N DIRECTA POR ADJUDICACI\u00d3N SIMPLE,\u00a0LOCACI\u00d3N DE SERVICIOS DE PERSONA HUMANA CON PERFIL LICENCIADO EN CIENCIAS DE LA EDUCACI\u00d3N PARA DESEMPE\u00d1AR FUNCIONES DE ASESORAMIENTO PEDAG\u00d3GICO, EN EL \u00c1MBITO DE LA SECRETAR\u00cdA DE COORDINACI\u00d3N, DEPENDIENTE DEL MINISTERIO DE EDUCACI\u00d3N\u201d\u201d<\/p>\n<p><span style=\"font-style: inherit; font-weight: inherit;\">\u00a0<\/span><\/p>\n<p><strong><span style=\"font-style: inherit; font-weight: inherit;\">\u00c1REA SOLICTANTE<\/span><\/strong>:\u00a0SECRETAR\u00cdA DE COORDINACI\u00d3N -M.ED.<\/p>\n<p>&nbsp;<\/p>\n<p>&nbsp;<\/p>\n<p><a href=\"https:\/\/compras.tierradelfuego.gob.ar\/wp-content\/uploads\/2025\/11\/preadjudicacion-cd-124-25.pdf\">preadjudicacion-cd-124-25<\/a><\/p>\n<p>&nbsp;<\/p>\n<p><a href=\"https:\/\/compras.tierradelfuego.gob.ar\/wp-content\/uploads\/2025\/11\/nota-1-2.pdf\">nota-1-2<\/a><\/p>\n<p>&nbsp;<\/p>\n","protected":false},"excerpt":{"rendered":"<p>PREADJUDICACI\u00d3N\u00a0C.D. N\u00ba 123\/25 &#8211; RAF 107 EXPEDIENTE N\u00b0\u00a0MED-E-96949-2025. OBJETO:\u201cCONTRATACI\u00d3N DIRECTA POR ADJUDICACI\u00d3N SIMPLE,\u00a0LOCACI\u00d3N DE SERVICIOS DE PERSONA HUMANA CON PERFIL LICENCIADO EN CIENCIAS DE LA EDUCACI\u00d3N PARA DESEMPE\u00d1AR FUNCIONES DE ASESORAMIENTO PEDAG\u00d3GICO, EN EL \u00c1MBITO DE LA SECRETAR\u00cdA DE COORDINACI\u00d3N, DEPENDIENTE DEL MINISTERIO DE EDUCACI\u00d3N\u201d\u201d \u00a0 \u00c1REA SOLICTANTE:\u00a0SECRETAR\u00cdA DE COORDINACI\u00d3N -M.ED. &nbsp; &nbsp; preadjudicacion-cd-124-25 &nbsp; [&hellip;]<\/p>\n","protected":false},"author":17,"featured_media":0,"comment_status":"closed","ping_status":"closed","sticky":false,"template":"","format":"standard","meta":{"footnotes":""},"categories":[3,11,22,184],"tags":[],"class_list":["post-258927","post","type-post","status-publish","format-standard","hentry","category-compras","category-directa","category-ministerio-de-educacion","category-preadjudicadas"],"_links":{"self":[{"href":"https:\/\/compras.tierradelfuego.gob.ar\/index.php?rest_route=\/wp\/v2\/posts\/258927","targetHints":{"allow":["GET"]}}],"collection":[{"href":"https:\/\/compras.tierradelfuego.gob.ar\/index.php?rest_route=\/wp\/v2\/posts"}],"about":[{"href":"https:\/\/compras.tierradelfuego.gob.ar\/index.php?rest_route=\/wp\/v2\/types\/post"}],"author":[{"embeddable":true,"href":"https:\/\/compras.tierradelfuego.gob.ar\/index.php?rest_route=\/wp\/v2\/users\/17"}],"replies":[{"embeddable":true,"href":"https:\/\/compras.tierradelfuego.gob.ar\/index.php?rest_route=%2Fwp%2Fv2%2Fcomments&post=258927"}],"version-history":[{"count":1,"href":"https:\/\/compras.tierradelfuego.gob.ar\/index.php?rest_route=\/wp\/v2\/posts\/258927\/revisions"}],"predecessor-version":[{"id":258930,"href":"https:\/\/compras.tierradelfuego.gob.ar\/index.php?rest_route=\/wp\/v2\/posts\/258927\/revisions\/258930"}],"wp:attachment":[{"href":"https:\/\/compras.tierradelfuego.gob.ar\/index.php?rest_route=%2Fwp%2Fv2%2Fmedia&parent=258927"}],"wp:term":[{"taxonomy":"category","embeddable":true,"href":"https:\/\/compras.tierradelfuego.gob.ar\/index.php?rest_route=%2Fwp%2Fv2%2Fcategories&post=258927"},{"taxonomy":"post_tag","embeddable":true,"href":"https:\/\/compras.tierradelfuego.gob.ar\/index.php?rest_route=%2Fwp%2Fv2%2Ftags&post=258927"}],"curies":[{"name":"wp","href":"https:\/\/api.w.org\/{rel}","templated":true}]}}