{"id":258871,"date":"2025-11-14T11:09:58","date_gmt":"2025-11-14T14:09:58","guid":{"rendered":"https:\/\/compras.tierradelfuego.gob.ar\/?p=258871"},"modified":"2025-11-14T11:09:58","modified_gmt":"2025-11-14T14:09:58","slug":"disposicion-d-g-a-f-n-106-25-deja-sin-efecto-disposicion-d-g-a-f-n-30-25-que-autoriza-el-llamado-a-contratacion-directa-n-51-25","status":"publish","type":"post","link":"https:\/\/compras.tierradelfuego.gob.ar\/?p=258871","title":{"rendered":"DISPOSICI\u00d3N D.G.A.F.\u00a0N\u00b0\u00a0 106\/25 DEJA SIN EFECTO DISPOSICI\u00d3N D.G.A.F. N\u00b0 30\/25 QUE AUTORIZA EL LLAMADO A CONTRATACI\u00d3N DIRECTA N\u00b0 51\/25.\u00a0"},"content":{"rendered":"<p>DISPOSICI\u00d3N D.G.A.F.\u00a0N\u00b0\u00a0 106\/25 DEJA SIN EFECTO DISPOSICI\u00d3N D.G.A.F. N\u00b0 30\/25 QUE AUTORIZA EL LLAMADO A CONTRATACI\u00d3N DIRECTA N\u00b0 51\/25.<\/p>\n<p>&nbsp;<\/p>\n<p>OBJETO: \u00abLOCACI\u00d3N DE SERVICIOS DE PERSONA\u00a0HUMANA CON PERFIL ID\u00d3NEO, PARA DESEMPE\u00d1AR FUNCIONES COMO CHOFER, EN EL \u00c1MBITO DE LA SUBSECRETAR\u00cdA\u00a0DE SERVICIOS Y GESTI\u00d3N OPERATIVA, DEPENDIENTE DEL MINISTERIO DE EDUCACI\u00d3N<\/p>\n<p>&nbsp;<\/p>\n<p><a href=\"https:\/\/compras.tierradelfuego.gob.ar\/wp-content\/uploads\/2025\/11\/nota-a-administracion.pdf\">nota-a-administracion<\/a><\/p>\n<p>&nbsp;<\/p>\n<p><a href=\"https:\/\/compras.tierradelfuego.gob.ar\/wp-content\/uploads\/2025\/11\/disposicion-d.g.a.f-n-106-dejar-sin-efecto.pdf\">disposicion-d.g.a.f-n-106-dejar-sin-efecto<\/a><\/p>\n","protected":false},"excerpt":{"rendered":"<p>DISPOSICI\u00d3N D.G.A.F.\u00a0N\u00b0\u00a0 106\/25 DEJA SIN EFECTO DISPOSICI\u00d3N D.G.A.F. N\u00b0 30\/25 QUE AUTORIZA EL LLAMADO A CONTRATACI\u00d3N DIRECTA N\u00b0 51\/25. &nbsp; OBJETO: \u00abLOCACI\u00d3N DE SERVICIOS DE PERSONA\u00a0HUMANA CON PERFIL ID\u00d3NEO, PARA DESEMPE\u00d1AR FUNCIONES COMO CHOFER, EN EL \u00c1MBITO DE LA SUBSECRETAR\u00cdA\u00a0DE SERVICIOS Y GESTI\u00d3N OPERATIVA, DEPENDIENTE DEL MINISTERIO DE EDUCACI\u00d3N &nbsp; nota-a-administracion &nbsp; disposicion-d.g.a.f-n-106-dejar-sin-efecto<\/p>\n","protected":false},"author":17,"featured_media":0,"comment_status":"closed","ping_status":"closed","sticky":false,"template":"","format":"standard","meta":{"footnotes":""},"categories":[3,11,22],"tags":[],"class_list":["post-258871","post","type-post","status-publish","format-standard","hentry","category-compras","category-directa","category-ministerio-de-educacion"],"_links":{"self":[{"href":"https:\/\/compras.tierradelfuego.gob.ar\/index.php?rest_route=\/wp\/v2\/posts\/258871","targetHints":{"allow":["GET"]}}],"collection":[{"href":"https:\/\/compras.tierradelfuego.gob.ar\/index.php?rest_route=\/wp\/v2\/posts"}],"about":[{"href":"https:\/\/compras.tierradelfuego.gob.ar\/index.php?rest_route=\/wp\/v2\/types\/post"}],"author":[{"embeddable":true,"href":"https:\/\/compras.tierradelfuego.gob.ar\/index.php?rest_route=\/wp\/v2\/users\/17"}],"replies":[{"embeddable":true,"href":"https:\/\/compras.tierradelfuego.gob.ar\/index.php?rest_route=%2Fwp%2Fv2%2Fcomments&post=258871"}],"version-history":[{"count":1,"href":"https:\/\/compras.tierradelfuego.gob.ar\/index.php?rest_route=\/wp\/v2\/posts\/258871\/revisions"}],"predecessor-version":[{"id":258874,"href":"https:\/\/compras.tierradelfuego.gob.ar\/index.php?rest_route=\/wp\/v2\/posts\/258871\/revisions\/258874"}],"wp:attachment":[{"href":"https:\/\/compras.tierradelfuego.gob.ar\/index.php?rest_route=%2Fwp%2Fv2%2Fmedia&parent=258871"}],"wp:term":[{"taxonomy":"category","embeddable":true,"href":"https:\/\/compras.tierradelfuego.gob.ar\/index.php?rest_route=%2Fwp%2Fv2%2Fcategories&post=258871"},{"taxonomy":"post_tag","embeddable":true,"href":"https:\/\/compras.tierradelfuego.gob.ar\/index.php?rest_route=%2Fwp%2Fv2%2Ftags&post=258871"}],"curies":[{"name":"wp","href":"https:\/\/api.w.org\/{rel}","templated":true}]}}