{"id":257440,"date":"2025-11-03T14:54:42","date_gmt":"2025-11-03T17:54:42","guid":{"rendered":"https:\/\/compras.tierradelfuego.gob.ar\/?p=257440"},"modified":"2025-11-03T14:57:33","modified_gmt":"2025-11-03T17:57:33","slug":"pre-adjudicacion-de-la-compra-directa-n-03-25-raf-3131-expediente-cps-ee-342-2025","status":"publish","type":"post","link":"https:\/\/compras.tierradelfuego.gob.ar\/?p=257440","title":{"rendered":"PRE-ADJUDICACI\u00d3N DE LA COMPRA DIRECTA\u00a0 N\u00b0 03\/25 RAF 3131- EXPEDIENTE\u00a0CPS-EE-342\/2025"},"content":{"rendered":"<p>PRE-ADJUDICACI\u00d3N DE LA COMPRA DIRECTA\u00a0 N\u00b0 03\/25 RAF 3131 FP\u00a0 POR ADJUDICACI\u00d3N SIMPLE, DE ACUERDO A LA SIGUIENTE INFORMACI\u00d3N<\/p>\n<p>&nbsp;<\/p>\n<p><u>OBJETO:<\/u>\u00a0 \u00a0CONTRATACI\u00d3N DE UN SERVICIO DE CATERING PARA VEINTE (20) PERSONAS, DESTINADO A UNA REUNI\u00d3N DE LOG\u00cdSTICA PRELECTORAL REFERENTE A LA\u00a0ELECCI\u00d3N DE LOS REPRESENTANTES\u00a0A DIRECTORES 2025 DE LA CPSPTF\u2013OSEF A DESARROLLARSE EL D\u00cdA 06\/11\/25, EL MARCO DEL CONVENIO DE COLABORACI\u00d3N Y COOPERACI\u00d3N EN MATERIA ELECTORAL\u00a0ENTRE EL JUZGADO DE PRIMERA INSTANCIA ELECTORAL Y LOS ORGANISMOS PROVINCIALES OSEF\u00a0Y CPS.<\/p>\n<p>&nbsp;<\/p>\n<p><u>MODALIDAD DE LA COMPRA:<\/u>\u00a0COMPRA DIRECTA N\u00b0\u00a0 03\/25 &#8211; RAF 3131 FP, LEY PROVINCIAL N\u00b0 1015, ARTICULO 18\u00b0, INCISO L), Y REGLAMENTACI\u00d3N VIGENTE.<\/p>\n<p>&nbsp;<\/p>\n<p><u>EXPEDIENTE\u00a0CPS-EE-342\/2025<\/u>\u00a0\u00c1MBITO CAJA DE PREVISI\u00d3N SOCIAL<\/p>\n<p>&nbsp;<\/p>\n<p>&nbsp;<\/p>\n<p><a href=\"https:\/\/compras.tierradelfuego.gob.ar\/wp-content\/uploads\/2025\/11\/nota-evaluacion-de-oferta-1.pdf\">nota-evaluacion-de-oferta-1<\/a><\/p>\n<p>&nbsp;<\/p>\n<p><a href=\"https:\/\/compras.tierradelfuego.gob.ar\/wp-content\/uploads\/2025\/11\/comparativa-oferta-firmada.pdf\">comparativa-oferta-firmada<\/a><\/p>\n","protected":false},"excerpt":{"rendered":"<p>PRE-ADJUDICACI\u00d3N DE LA COMPRA DIRECTA\u00a0 N\u00b0 03\/25 RAF 3131 FP\u00a0 POR ADJUDICACI\u00d3N SIMPLE, DE ACUERDO A LA SIGUIENTE INFORMACI\u00d3N &nbsp; OBJETO:\u00a0 \u00a0CONTRATACI\u00d3N DE UN SERVICIO DE CATERING PARA VEINTE (20) PERSONAS, DESTINADO A UNA REUNI\u00d3N DE LOG\u00cdSTICA PRELECTORAL REFERENTE A LA\u00a0ELECCI\u00d3N DE LOS REPRESENTANTES\u00a0A DIRECTORES 2025 DE LA CPSPTF\u2013OSEF A DESARROLLARSE EL D\u00cdA 06\/11\/25, EL [&hellip;]<\/p>\n","protected":false},"author":17,"featured_media":0,"comment_status":"closed","ping_status":"closed","sticky":false,"template":"","format":"standard","meta":{"footnotes":""},"categories":[133,3,11,184],"tags":[],"class_list":["post-257440","post","type-post","status-publish","format-standard","hentry","category-caja-de-prevision-social","category-compras","category-directa","category-preadjudicadas"],"_links":{"self":[{"href":"https:\/\/compras.tierradelfuego.gob.ar\/index.php?rest_route=\/wp\/v2\/posts\/257440","targetHints":{"allow":["GET"]}}],"collection":[{"href":"https:\/\/compras.tierradelfuego.gob.ar\/index.php?rest_route=\/wp\/v2\/posts"}],"about":[{"href":"https:\/\/compras.tierradelfuego.gob.ar\/index.php?rest_route=\/wp\/v2\/types\/post"}],"author":[{"embeddable":true,"href":"https:\/\/compras.tierradelfuego.gob.ar\/index.php?rest_route=\/wp\/v2\/users\/17"}],"replies":[{"embeddable":true,"href":"https:\/\/compras.tierradelfuego.gob.ar\/index.php?rest_route=%2Fwp%2Fv2%2Fcomments&post=257440"}],"version-history":[{"count":1,"href":"https:\/\/compras.tierradelfuego.gob.ar\/index.php?rest_route=\/wp\/v2\/posts\/257440\/revisions"}],"predecessor-version":[{"id":257443,"href":"https:\/\/compras.tierradelfuego.gob.ar\/index.php?rest_route=\/wp\/v2\/posts\/257440\/revisions\/257443"}],"wp:attachment":[{"href":"https:\/\/compras.tierradelfuego.gob.ar\/index.php?rest_route=%2Fwp%2Fv2%2Fmedia&parent=257440"}],"wp:term":[{"taxonomy":"category","embeddable":true,"href":"https:\/\/compras.tierradelfuego.gob.ar\/index.php?rest_route=%2Fwp%2Fv2%2Fcategories&post=257440"},{"taxonomy":"post_tag","embeddable":true,"href":"https:\/\/compras.tierradelfuego.gob.ar\/index.php?rest_route=%2Fwp%2Fv2%2Ftags&post=257440"}],"curies":[{"name":"wp","href":"https:\/\/api.w.org\/{rel}","templated":true}]}}