{"id":257402,"date":"2025-11-03T10:16:09","date_gmt":"2025-11-03T13:16:09","guid":{"rendered":"https:\/\/compras.tierradelfuego.gob.ar\/?p=257402"},"modified":"2025-11-03T10:19:37","modified_gmt":"2025-11-03T13:19:37","slug":"contratacion-directa-por-adjudicacion-simple-n19-25-raf-558","status":"publish","type":"post","link":"https:\/\/compras.tierradelfuego.gob.ar\/?p=257402","title":{"rendered":"CONTRATACI\u00d3N DIRECTA POR ADJUDICACION SIMPLE N\u00b019\/25 \u2013 RAF 558\u00a0-EXPEDIENTE: ME-E 101551-2025 \u201cS\/CONTRATACI\u00d3N DEL ESTUDIO JUR\u00cdDICO M&#038;EYV ABOGADOS S.R.L. POR 30 HORAS\u00bb."},"content":{"rendered":"<p>CONTRATACI\u00d3N DIRECTA POR ADJUDICACION SIMPLE N\u00b019\/25 \u2013 RAF 558<\/p>\n<p>LEYES PROVINCIALES N\u00b0 1015, T\u00cdTULO I, CAP\u00cdTULO II, ART\u00cdCULO 18, INCISO F) Y N\u00b0 1580, EN LOS DECRETOS PROVINCIALES N\u00b0674\/11, N\u00b0 188\/23 Y SU MODIFICATORIA N\u00b0 565\/23 Y N\u00b0 10\/25, EN \u00a0LAS \u00a0RESOLUCIONES \u00a0DE \u00a0LA \u00a0OFICINA \u00a0PROVINCIAL \u00a0DE CONTRATACIONES N\u00b0 202\/20, N\u00b0 17\/21 ANEXO I, CAP\u00cdTULO I PUNTO B) Y N\u00ba58\/21 Y RESOLUCI\u00d3N M.E. N\u00b01120\/24.<\/p>\n<p>EXPEDIENTE: ME-E 101551-2025 \u201cS\/CONTRATACI\u00d3N DEL ESTUDIO JUR\u00cdDICO M&amp;EYV ABOGADOS S.R.L. POR 30 HORAS\u00bb.<\/p>\n<p>&nbsp;<\/p>\n<p>&nbsp;<\/p>\n<p><a href=\"https:\/\/compras.tierradelfuego.gob.ar\/wp-content\/uploads\/2025\/11\/orden-de-compra-n-30-25-definitivo.pdf\">orden-de-compra-n-30-25-definitivo<\/a><\/p>\n<p>&nbsp;<\/p>\n<p><a href=\"https:\/\/compras.tierradelfuego.gob.ar\/wp-content\/uploads\/2025\/11\/resolucion-m.-energia-n117-2025.pdf\">resolucion-m.-energia-n117-2025<\/a><\/p>\n","protected":false},"excerpt":{"rendered":"<p>CONTRATACI\u00d3N DIRECTA POR ADJUDICACION SIMPLE N\u00b019\/25 \u2013 RAF 558 LEYES PROVINCIALES N\u00b0 1015, T\u00cdTULO I, CAP\u00cdTULO II, ART\u00cdCULO 18, INCISO F) Y N\u00b0 1580, EN LOS DECRETOS PROVINCIALES N\u00b0674\/11, N\u00b0 188\/23 Y SU MODIFICATORIA N\u00b0 565\/23 Y N\u00b0 10\/25, EN \u00a0LAS \u00a0RESOLUCIONES \u00a0DE \u00a0LA \u00a0OFICINA \u00a0PROVINCIAL \u00a0DE CONTRATACIONES N\u00b0 202\/20, N\u00b0 17\/21 ANEXO I, CAP\u00cdTULO [&hellip;]<\/p>\n","protected":false},"author":17,"featured_media":0,"comment_status":"closed","ping_status":"closed","sticky":false,"template":"","format":"standard","meta":{"footnotes":""},"categories":[3,11,21],"tags":[],"class_list":["post-257402","post","type-post","status-publish","format-standard","hentry","category-compras","category-directa","category-ministerio-de-economia"],"_links":{"self":[{"href":"https:\/\/compras.tierradelfuego.gob.ar\/index.php?rest_route=\/wp\/v2\/posts\/257402","targetHints":{"allow":["GET"]}}],"collection":[{"href":"https:\/\/compras.tierradelfuego.gob.ar\/index.php?rest_route=\/wp\/v2\/posts"}],"about":[{"href":"https:\/\/compras.tierradelfuego.gob.ar\/index.php?rest_route=\/wp\/v2\/types\/post"}],"author":[{"embeddable":true,"href":"https:\/\/compras.tierradelfuego.gob.ar\/index.php?rest_route=\/wp\/v2\/users\/17"}],"replies":[{"embeddable":true,"href":"https:\/\/compras.tierradelfuego.gob.ar\/index.php?rest_route=%2Fwp%2Fv2%2Fcomments&post=257402"}],"version-history":[{"count":2,"href":"https:\/\/compras.tierradelfuego.gob.ar\/index.php?rest_route=\/wp\/v2\/posts\/257402\/revisions"}],"predecessor-version":[{"id":257406,"href":"https:\/\/compras.tierradelfuego.gob.ar\/index.php?rest_route=\/wp\/v2\/posts\/257402\/revisions\/257406"}],"wp:attachment":[{"href":"https:\/\/compras.tierradelfuego.gob.ar\/index.php?rest_route=%2Fwp%2Fv2%2Fmedia&parent=257402"}],"wp:term":[{"taxonomy":"category","embeddable":true,"href":"https:\/\/compras.tierradelfuego.gob.ar\/index.php?rest_route=%2Fwp%2Fv2%2Fcategories&post=257402"},{"taxonomy":"post_tag","embeddable":true,"href":"https:\/\/compras.tierradelfuego.gob.ar\/index.php?rest_route=%2Fwp%2Fv2%2Ftags&post=257402"}],"curies":[{"name":"wp","href":"https:\/\/api.w.org\/{rel}","templated":true}]}}