{"id":257307,"date":"2025-10-31T14:04:22","date_gmt":"2025-10-31T17:04:22","guid":{"rendered":"https:\/\/compras.tierradelfuego.gob.ar\/?p=257307"},"modified":"2025-10-31T14:05:01","modified_gmt":"2025-10-31T17:05:01","slug":"preadjudicacion-licitacion-privada-no-05-2025-expediente-aref-e-615-2025","status":"publish","type":"post","link":"https:\/\/compras.tierradelfuego.gob.ar\/?p=257307","title":{"rendered":"PREADJUDICACI\u00d3N &#8211; LICITACI\u00d3N PRIVADA N\u00ba 05\/2025 &#8211; EXPEDIENTE AREF-E-615-2025."},"content":{"rendered":"<p>LICITACI\u00d3N PRIVADA N\u00ba 05\/2025 &#8211; EXPEDIENTE AREF-E-615-2025.<\/p>\n<p>DIFUSI\u00d3N: \u00abDICTAMEN N\u00b0 01 COMISI\u00d3N DE PREADJUDICACI\u00d3N PARA LA EVALUACI\u00d3N DE OFERTAS<\/p>\n<p>&nbsp;<\/p>\n<p>&nbsp;<\/p>\n<p>OBJETO:\u00a0\u00abS\/ADQUISICI\u00d3N INDUMENTARIA PARA JUEGOS BINACIONALES DE LA ARAUCAN\u00cdA 2025\u00bb.<\/p>\n<p>&nbsp;<\/p>\n<p>\u00c1REA SOLICITANTE: DIRECCI\u00d3N EJECUTIVA DE LA AREF.<\/p>\n<p>&nbsp;<\/p>\n<p>ATENTAMENTE.<\/p>\n<p>&#8212;<\/p>\n<p>EL DOMICILIO ELECTR\u00d3NICO DECLARADO EN EL REGISTRO DE PROVEEDORES DEL ESTADO DE LA PROVINCIA (PROTDF), SER\u00c1 V\u00c1LIDO PARA CURSAR LAS COMUNICACIONES Y NOTIFICACIONES DURANTE EL PROCEDIMIENTO DE SELECCI\u00d3N, LA EJECUCI\u00d3N DEL CONTRATO, Y PARA LA APLICACI\u00d3N DE SANCIONES EN EL MARCO DEL DECRETO PROVINCIAL N\u00b0 674\/11.<\/p>\n<p><a href=\"https:\/\/compras.tierradelfuego.gob.ar\/wp-content\/uploads\/2025\/10\/dictamen-comision-de-preadjudicacion-lic-priv-n-05-25-e-615-25.pdf\">dictamen-comision-de-preadjudicacion-lic-priv-n-05-25-e-615-25<\/a><\/p>\n","protected":false},"excerpt":{"rendered":"<p>LICITACI\u00d3N PRIVADA N\u00ba 05\/2025 &#8211; EXPEDIENTE AREF-E-615-2025. DIFUSI\u00d3N: \u00abDICTAMEN N\u00b0 01 COMISI\u00d3N DE PREADJUDICACI\u00d3N PARA LA EVALUACI\u00d3N DE OFERTAS &nbsp; &nbsp; OBJETO:\u00a0\u00abS\/ADQUISICI\u00d3N INDUMENTARIA PARA JUEGOS BINACIONALES DE LA ARAUCAN\u00cdA 2025\u00bb. &nbsp; \u00c1REA SOLICITANTE: DIRECCI\u00d3N EJECUTIVA DE LA AREF. &nbsp; ATENTAMENTE. &#8212; EL DOMICILIO ELECTR\u00d3NICO DECLARADO EN EL REGISTRO DE PROVEEDORES DEL ESTADO DE LA PROVINCIA [&hellip;]<\/p>\n","protected":false},"author":17,"featured_media":0,"comment_status":"closed","ping_status":"closed","sticky":false,"template":"","format":"standard","meta":{"footnotes":""},"categories":[101,3,11,184],"tags":[],"class_list":["post-257307","post","type-post","status-publish","format-standard","hentry","category-aref","category-compras","category-directa","category-preadjudicadas"],"_links":{"self":[{"href":"https:\/\/compras.tierradelfuego.gob.ar\/index.php?rest_route=\/wp\/v2\/posts\/257307","targetHints":{"allow":["GET"]}}],"collection":[{"href":"https:\/\/compras.tierradelfuego.gob.ar\/index.php?rest_route=\/wp\/v2\/posts"}],"about":[{"href":"https:\/\/compras.tierradelfuego.gob.ar\/index.php?rest_route=\/wp\/v2\/types\/post"}],"author":[{"embeddable":true,"href":"https:\/\/compras.tierradelfuego.gob.ar\/index.php?rest_route=\/wp\/v2\/users\/17"}],"replies":[{"embeddable":true,"href":"https:\/\/compras.tierradelfuego.gob.ar\/index.php?rest_route=%2Fwp%2Fv2%2Fcomments&post=257307"}],"version-history":[{"count":1,"href":"https:\/\/compras.tierradelfuego.gob.ar\/index.php?rest_route=\/wp\/v2\/posts\/257307\/revisions"}],"predecessor-version":[{"id":257309,"href":"https:\/\/compras.tierradelfuego.gob.ar\/index.php?rest_route=\/wp\/v2\/posts\/257307\/revisions\/257309"}],"wp:attachment":[{"href":"https:\/\/compras.tierradelfuego.gob.ar\/index.php?rest_route=%2Fwp%2Fv2%2Fmedia&parent=257307"}],"wp:term":[{"taxonomy":"category","embeddable":true,"href":"https:\/\/compras.tierradelfuego.gob.ar\/index.php?rest_route=%2Fwp%2Fv2%2Fcategories&post=257307"},{"taxonomy":"post_tag","embeddable":true,"href":"https:\/\/compras.tierradelfuego.gob.ar\/index.php?rest_route=%2Fwp%2Fv2%2Ftags&post=257307"}],"curies":[{"name":"wp","href":"https:\/\/api.w.org\/{rel}","templated":true}]}}