{"id":255043,"date":"2025-10-09T12:40:31","date_gmt":"2025-10-09T15:40:31","guid":{"rendered":"https:\/\/compras.tierradelfuego.gob.ar\/?p=255043"},"modified":"2025-10-09T12:44:04","modified_gmt":"2025-10-09T15:44:04","slug":"hru-invitacion-a-cotizar-compra-directa-no-94-2025-raf-529-llamado-01-ms-96760-e-2025-adquisicion-de-medicamentos-para-psicopatologias-via-oral-dermicos-y-otros-oftalmologia","status":"publish","type":"post","link":"https:\/\/compras.tierradelfuego.gob.ar\/?p=255043","title":{"rendered":"HRU &#8211; INVITACI\u00d3N A COTIZAR &#8211; COMPRA DIRECTA N\u00ba 94\/2025 &#8211; RAF 529\u2013 LLAMADO 01 MS-96760-E-2025 \u00abADQUISICI\u00d3N DE MEDICAMENTOS PARA PSICOPATOLOGIAS (VIA ORAL, DERMICOS Y OTROS), \u00a0OFTALMOLOGIA (ORALES, TOPICAS, INHALATORIAS Y OFTALMICAS) \u00a0Y ANTISEPTICOS (VIA ORAL, TOPICOS Y OTROS) \u00a0SOLICITADOS POR EL SERVICIO DE FARMACIA &#8211; PER\u00cdODO DE USO BIMESTRAL &#8211; HOSPITAL REGIONAL USHUAIA\u00bb"},"content":{"rendered":"<div class=\"x_elementToProof\"><b data-olk-copy-source=\"MessageBody\">HRU &#8211; INVITACI\u00d3N A COTIZAR &#8211; COMPRA DIRECTA N\u00ba 94\/2025 &#8211; RAF 529\u2013 LLAMADO 01<\/b><\/div>\n<div class=\"x_elementToProof\"><b>MS-96760-E-2025 \u00abADQUISICI\u00d3N DE MEDICAMENTOS PARA PSICOPATOLOGIAS (VIA ORAL, DERMICOS Y OTROS), \u00a0OFTALMOLOGIA (ORALES, TOPICAS, INHALATORIAS Y OFTALMICAS) \u00a0Y ANTISEPTICOS (VIA ORAL, TOPICOS Y OTROS) \u00a0SOLICITADOS POR EL SERVICIO DE FARMACIA &#8211; PER\u00cdODO DE USO BIMESTRAL &#8211; HOSPITAL REGIONAL USHUAIA\u00bb<\/b><\/div>\n<div class=\"x_elementToProof\">Por medio del presente, se lo invita a cotizar en el marco de la Compra Directa N\u00ba 94\/2025 &#8211; RAF 529, remiti\u00e9ndose en adjunto al\u00a0presente:<\/div>\n<ol start=\"1\" data-editing-info=\"{&quot;orderedStyleType&quot;:1}\">\n<li>\n<div role=\"presentation\">Formulario de Cotizaci\u00f3n &#8211; Compra Directa N\u00ba 94\/2025 &#8211; RAF 529<\/div>\n<\/li>\n<li>\n<div role=\"presentation\">Disposici\u00f3n HRU N\u00ba 1298\/2025<\/div>\n<\/li>\n<\/ol>\n<div class=\"x_elementToProof\"><b>Se recuerda que tanto el Formulario de Cotizaci\u00f3n como la Disposici\u00f3n mencionada forman parte integral de la documentaci\u00f3n del presente tr\u00e1mite.<\/b><\/div>\n<div class=\"x_elementToProof\"><b>Fecha l\u00edmite para la presentaci\u00f3n de ofertas:<\/b><\/div>\n<div class=\"x_elementToProof\">\ud83d\udcc5\u00a0<b>14\/10\/2025<\/b><\/div>\n<div class=\"x_elementToProof\">\ud83d\udd5b\u00a0<b>Hasta las 12:00 hs.<\/b><\/div>\n<div class=\"x_elementToProof\"><b>Condiciones para la presentaci\u00f3n:<\/b><\/div>\n<ul>\n<li>\n<div role=\"presentation\">El formulario deber\u00e1 ser completado con los datos solicitados de forma legible.<\/div>\n<\/li>\n<li>\n<div role=\"presentation\">En caso de no cotizar alg\u00fan rengl\u00f3n, el mismo deber\u00e1 ser tachado.<\/div>\n<\/li>\n<li>\n<div role=\"presentation\">El formulario deber\u00e1 estar debidamente firmado, con la correspondiente aclaraci\u00f3n de firma y\/o sello del representante legal, apoderado o socio.<\/div>\n<\/li>\n<\/ul>\n<div class=\"x_elementToProof\"><i>La no presentaci\u00f3n de la oferta antes del horario y fecha indicada ser\u00e1 interpretada como \u201cno cotiza\u201d. Las ofertas recepcionadas fuera de t\u00e9rmino ser\u00e1n desestimadas sin excepci\u00f3n.<\/i><\/div>\n<div class=\"x_elementToProof\"><b>IMPORTANTE:<\/b><\/div>\n<div class=\"x_elementToProof\">En caso de que el proveedor tenga su usuario ProTDF deshabilitado o desactualizado, o bien no se encuentre a\u00fan inscripto en dicho sistema, se lo invita a comunicarse por correo electr\u00f3nico con el equipo de soporte de ProTDF, a fin de regularizar su situaci\u00f3n o gestionar su alta, a las siguientes direcciones:<\/div>\n<div class=\"x_elementToProof\"><b>protdfrg@tierradelfuego.gob.ar \/ protdfrg@gmail.com<\/b><\/div>\n<div class=\"x_elementToProof\"><b>Recepci\u00f3n de cotizaciones:<\/b><\/div>\n<div class=\"x_elementToProof\">\ud83d\udce9\u00a0<b>Enviar el formulario de cotizaci\u00f3n a:<\/b>\u00a0compras.hru@tierradelfuego.gob.ar \/ mabarrionuevo@tierradelfuego.gob.ar<\/div>\n<div><\/div>\n<div><\/div>\n<div><a href=\"https:\/\/compras.tierradelfuego.gob.ar\/wp-content\/uploads\/2025\/10\/disposicion-hru-nro.-1298-2025.pdf\">disposicion-hru-nro.-1298-2025<\/a><\/div>\n<div><\/div>\n<div><a href=\"https:\/\/compras.tierradelfuego.gob.ar\/wp-content\/uploads\/2025\/10\/formulario-de-cotizacion-firmado-compra-directa-nro-94-2025.pdf\">formulario-de-cotizacion-firmado-compra-directa-nro-94-2025<\/a><\/div>\n<div class=\"x_elementToProof\"><\/div>\n","protected":false},"excerpt":{"rendered":"<p>HRU &#8211; INVITACI\u00d3N A COTIZAR &#8211; COMPRA DIRECTA N\u00ba 94\/2025 &#8211; RAF 529\u2013 LLAMADO 01 MS-96760-E-2025 \u00abADQUISICI\u00d3N DE MEDICAMENTOS PARA PSICOPATOLOGIAS (VIA ORAL, DERMICOS Y OTROS), \u00a0OFTALMOLOGIA (ORALES, TOPICAS, INHALATORIAS Y OFTALMICAS) \u00a0Y ANTISEPTICOS (VIA ORAL, TOPICOS Y OTROS) \u00a0SOLICITADOS POR EL SERVICIO DE FARMACIA &#8211; PER\u00cdODO DE USO BIMESTRAL &#8211; HOSPITAL REGIONAL USHUAIA\u00bb Por [&hellip;]<\/p>\n","protected":false},"author":17,"featured_media":0,"comment_status":"closed","ping_status":"closed","sticky":false,"template":"","format":"standard","meta":{"footnotes":""},"categories":[3,11,13,25],"tags":[],"class_list":["post-255043","post","type-post","status-publish","format-standard","hentry","category-compras","category-directa","category-hospital-regional-ushuaia","category-ministerio-de-salud"],"_links":{"self":[{"href":"https:\/\/compras.tierradelfuego.gob.ar\/index.php?rest_route=\/wp\/v2\/posts\/255043","targetHints":{"allow":["GET"]}}],"collection":[{"href":"https:\/\/compras.tierradelfuego.gob.ar\/index.php?rest_route=\/wp\/v2\/posts"}],"about":[{"href":"https:\/\/compras.tierradelfuego.gob.ar\/index.php?rest_route=\/wp\/v2\/types\/post"}],"author":[{"embeddable":true,"href":"https:\/\/compras.tierradelfuego.gob.ar\/index.php?rest_route=\/wp\/v2\/users\/17"}],"replies":[{"embeddable":true,"href":"https:\/\/compras.tierradelfuego.gob.ar\/index.php?rest_route=%2Fwp%2Fv2%2Fcomments&post=255043"}],"version-history":[{"count":1,"href":"https:\/\/compras.tierradelfuego.gob.ar\/index.php?rest_route=\/wp\/v2\/posts\/255043\/revisions"}],"predecessor-version":[{"id":255046,"href":"https:\/\/compras.tierradelfuego.gob.ar\/index.php?rest_route=\/wp\/v2\/posts\/255043\/revisions\/255046"}],"wp:attachment":[{"href":"https:\/\/compras.tierradelfuego.gob.ar\/index.php?rest_route=%2Fwp%2Fv2%2Fmedia&parent=255043"}],"wp:term":[{"taxonomy":"category","embeddable":true,"href":"https:\/\/compras.tierradelfuego.gob.ar\/index.php?rest_route=%2Fwp%2Fv2%2Fcategories&post=255043"},{"taxonomy":"post_tag","embeddable":true,"href":"https:\/\/compras.tierradelfuego.gob.ar\/index.php?rest_route=%2Fwp%2Fv2%2Ftags&post=255043"}],"curies":[{"name":"wp","href":"https:\/\/api.w.org\/{rel}","templated":true}]}}