{"id":254579,"date":"2025-10-06T14:25:41","date_gmt":"2025-10-06T17:25:41","guid":{"rendered":"https:\/\/compras.tierradelfuego.gob.ar\/?p=254579"},"modified":"2025-10-06T14:25:41","modified_gmt":"2025-10-06T17:25:41","slug":"compra-directa-n1264-2025-expte-n-5020-2025-s-objeto-de-la-contratacion-s-solicitud-de-insumos-medicos-area-generadora-depto-compras-asistenciales-rg-o-s-p-t-f","status":"publish","type":"post","link":"https:\/\/compras.tierradelfuego.gob.ar\/?p=254579","title":{"rendered":"COMPRA DIRECTA N\u00b01264\/2025 &#8211; EXPTE. N\u00b0 5020\/2025 S\/OBJETO DE LA CONTRATACI\u00d3N: S\/SOLICITUD DE INSUMOS M\u00c9DICOS -\u00c1REA GENERADORA: DEPTO. COMPRAS ASISTENCIALES RG &#8211; O.S.P.T.F."},"content":{"rendered":"<p>COMPRA DIRECTA N\u00b01264\/2025 &#8211; EXPTE. N\u00b0 5020\/2025<\/p>\n<p>OBJETO DE LA CONTRATACI\u00d3N: S\/SOLICITUD DE INSUMOS M\u00c9DICOS<\/p>\n<p>\u00c1REA GENERADORA: DEPTO. COMPRAS ASISTENCIALES RG &#8211; O.S.P.T.F.<\/p>\n<p>FECHA Y LUGAR DE RECEPCI\u00d3N DE OFERTAS: 11\/10\/2025- INCLUSIVE- PERITO MORENO N\u00b038 &#8211; R\u00cdO GRANDE.<\/p>\n<p>CONTACTO PARA CONSULTAS:\u00a0<u><a href=\"callto:02964-420476\">02964-420476<\/a><\/u>\u00a0O COMPRASASISTENCIALESRG@OSEF.GOB.AR<\/p>\n<p><strong><a href=\"https:\/\/compras.tierradelfuego.gob.ar\/wp-content\/uploads\/2025\/10\/solicitud-de-cotizacion-13.pdf\">solicitud-de-cotizacion-13<\/a><\/strong><\/p>\n","protected":false},"excerpt":{"rendered":"<p>COMPRA DIRECTA N\u00b01264\/2025 &#8211; EXPTE. N\u00b0 5020\/2025 OBJETO DE LA CONTRATACI\u00d3N: S\/SOLICITUD DE INSUMOS M\u00c9DICOS \u00c1REA GENERADORA: DEPTO. COMPRAS ASISTENCIALES RG &#8211; O.S.P.T.F. FECHA Y LUGAR DE RECEPCI\u00d3N DE OFERTAS: 11\/10\/2025- INCLUSIVE- PERITO MORENO N\u00b038 &#8211; R\u00cdO GRANDE. CONTACTO PARA CONSULTAS:\u00a002964-420476\u00a0O COMPRASASISTENCIALESRG@OSEF.GOB.AR solicitud-de-cotizacion-13<\/p>\n","protected":false},"author":19,"featured_media":0,"comment_status":"closed","ping_status":"closed","sticky":false,"template":"","format":"standard","meta":{"footnotes":""},"categories":[3,185,11,139],"tags":[],"class_list":["post-254579","post","type-post","status-publish","format-standard","hentry","category-compras","category-con-apertura-proxima","category-directa","category-obra-social-de-la-provincia-de-tierra-del-fuego-osptf"],"_links":{"self":[{"href":"https:\/\/compras.tierradelfuego.gob.ar\/index.php?rest_route=\/wp\/v2\/posts\/254579","targetHints":{"allow":["GET"]}}],"collection":[{"href":"https:\/\/compras.tierradelfuego.gob.ar\/index.php?rest_route=\/wp\/v2\/posts"}],"about":[{"href":"https:\/\/compras.tierradelfuego.gob.ar\/index.php?rest_route=\/wp\/v2\/types\/post"}],"author":[{"embeddable":true,"href":"https:\/\/compras.tierradelfuego.gob.ar\/index.php?rest_route=\/wp\/v2\/users\/19"}],"replies":[{"embeddable":true,"href":"https:\/\/compras.tierradelfuego.gob.ar\/index.php?rest_route=%2Fwp%2Fv2%2Fcomments&post=254579"}],"version-history":[{"count":1,"href":"https:\/\/compras.tierradelfuego.gob.ar\/index.php?rest_route=\/wp\/v2\/posts\/254579\/revisions"}],"predecessor-version":[{"id":254581,"href":"https:\/\/compras.tierradelfuego.gob.ar\/index.php?rest_route=\/wp\/v2\/posts\/254579\/revisions\/254581"}],"wp:attachment":[{"href":"https:\/\/compras.tierradelfuego.gob.ar\/index.php?rest_route=%2Fwp%2Fv2%2Fmedia&parent=254579"}],"wp:term":[{"taxonomy":"category","embeddable":true,"href":"https:\/\/compras.tierradelfuego.gob.ar\/index.php?rest_route=%2Fwp%2Fv2%2Fcategories&post=254579"},{"taxonomy":"post_tag","embeddable":true,"href":"https:\/\/compras.tierradelfuego.gob.ar\/index.php?rest_route=%2Fwp%2Fv2%2Ftags&post=254579"}],"curies":[{"name":"wp","href":"https:\/\/api.w.org\/{rel}","templated":true}]}}