{"id":253722,"date":"2025-09-26T15:20:33","date_gmt":"2025-09-26T18:20:33","guid":{"rendered":"https:\/\/compras.tierradelfuego.gob.ar\/?p=253722"},"modified":"2025-09-26T15:20:33","modified_gmt":"2025-09-26T18:20:33","slug":"compra-directa-n-94-2025-n-de-expediente-y-ano-387-2025-provision-y-reemplazo-de-paquete-de-elasticos-movil-n-43-mb-accelo-1016-dominio-ad-2024-rn","status":"publish","type":"post","link":"https:\/\/compras.tierradelfuego.gob.ar\/?p=253722","title":{"rendered":"COMPRA DIRECTA N\u00b0 94\/2025 &#8211; N\u00b0 DE EXPEDIENTE Y A\u00d1O: 387\/2025 &#8211; \u00abPROVISI\u00d3N Y REEMPLAZO DE PAQUETE DE EL\u00c1STICOS M\u00d3VIL N\u00b0 43- MB ACCELO 1016- DOMINIO AD-2024-RN\u00bb."},"content":{"rendered":"<p>COMPRA DIRECTA N\u00b0 94\/2025-<\/p>\n<p>LEY PROVINCIAL N\u00b0 1015 ART\u00cdCULO N\u00b0 18\u00b0 INC C)<\/p>\n<p>T\u00cdTULO: \u00abPROVISI\u00d3N Y REEMPLAZO DE PAQUETE DE EL\u00c1STICOS M\u00d3VIL N\u00b0 43- MB ACCELO 1016- DOMINIO AD-2024-RN\u00bb<\/p>\n<p>N\u00b0 DE EXPEDIENTE Y A\u00d1O: 387\/2025.-<\/p>\n<p>FECHA Y HORA L\u00cdMITE DE ENTREGA DE OFERTAS:29\/09\/2025-\u00a0 13:00 HS<\/p>\n<p>LUGAR DE APERTURA: DIVISI\u00d3N COMPRAS.<\/p>\n<p>LUGAR DE CONSULTAS: LASSERRE N\u00b0 218-USHUAIA-TIERRA DEL FUEGO.<\/p>\n<p>FECHA DE PUBLICACI\u00d3N: 26\/09\/2025<\/p>\n<p><a href=\"https:\/\/compras.tierradelfuego.gob.ar\/wp-content\/uploads\/2025\/09\/compra-directa-94-2025.pdf\"><strong>compra-directa-94-2025<\/strong><\/a><\/p>\n<p>&nbsp;<\/p>\n","protected":false},"excerpt":{"rendered":"<p>COMPRA DIRECTA N\u00b0 94\/2025- LEY PROVINCIAL N\u00b0 1015 ART\u00cdCULO N\u00b0 18\u00b0 INC C) T\u00cdTULO: \u00abPROVISI\u00d3N Y REEMPLAZO DE PAQUETE DE EL\u00c1STICOS M\u00d3VIL N\u00b0 43- MB ACCELO 1016- DOMINIO AD-2024-RN\u00bb N\u00b0 DE EXPEDIENTE Y A\u00d1O: 387\/2025.- FECHA Y HORA L\u00cdMITE DE ENTREGA DE OFERTAS:29\/09\/2025-\u00a0 13:00 HS LUGAR DE APERTURA: DIVISI\u00d3N COMPRAS. LUGAR DE CONSULTAS: LASSERRE N\u00b0 [&hellip;]<\/p>\n","protected":false},"author":20,"featured_media":0,"comment_status":"closed","ping_status":"closed","sticky":false,"template":"","format":"standard","meta":{"footnotes":""},"categories":[3,185,7,11],"tags":[],"class_list":["post-253722","post","type-post","status-publish","format-standard","hentry","category-compras","category-con-apertura-proxima","category-direccion-provincial-de-energia","category-directa"],"_links":{"self":[{"href":"https:\/\/compras.tierradelfuego.gob.ar\/index.php?rest_route=\/wp\/v2\/posts\/253722","targetHints":{"allow":["GET"]}}],"collection":[{"href":"https:\/\/compras.tierradelfuego.gob.ar\/index.php?rest_route=\/wp\/v2\/posts"}],"about":[{"href":"https:\/\/compras.tierradelfuego.gob.ar\/index.php?rest_route=\/wp\/v2\/types\/post"}],"author":[{"embeddable":true,"href":"https:\/\/compras.tierradelfuego.gob.ar\/index.php?rest_route=\/wp\/v2\/users\/20"}],"replies":[{"embeddable":true,"href":"https:\/\/compras.tierradelfuego.gob.ar\/index.php?rest_route=%2Fwp%2Fv2%2Fcomments&post=253722"}],"version-history":[{"count":1,"href":"https:\/\/compras.tierradelfuego.gob.ar\/index.php?rest_route=\/wp\/v2\/posts\/253722\/revisions"}],"predecessor-version":[{"id":253724,"href":"https:\/\/compras.tierradelfuego.gob.ar\/index.php?rest_route=\/wp\/v2\/posts\/253722\/revisions\/253724"}],"wp:attachment":[{"href":"https:\/\/compras.tierradelfuego.gob.ar\/index.php?rest_route=%2Fwp%2Fv2%2Fmedia&parent=253722"}],"wp:term":[{"taxonomy":"category","embeddable":true,"href":"https:\/\/compras.tierradelfuego.gob.ar\/index.php?rest_route=%2Fwp%2Fv2%2Fcategories&post=253722"},{"taxonomy":"post_tag","embeddable":true,"href":"https:\/\/compras.tierradelfuego.gob.ar\/index.php?rest_route=%2Fwp%2Fv2%2Ftags&post=253722"}],"curies":[{"name":"wp","href":"https:\/\/api.w.org\/{rel}","templated":true}]}}