{"id":252749,"date":"2025-09-17T14:35:24","date_gmt":"2025-09-17T17:35:24","guid":{"rendered":"https:\/\/compras.tierradelfuego.gob.ar\/?p=252749"},"modified":"2025-09-17T14:35:34","modified_gmt":"2025-09-17T17:35:34","slug":"acto-administrativo-de-adjudicacion-de-la-contratacion-directa-por-compulsa-abreviada-n-255-25-525-expediente-ms-e-46870-25-objeto-contratacion-del-servicio-de-mantenimiento-preventi","status":"publish","type":"post","link":"https:\/\/compras.tierradelfuego.gob.ar\/?p=252749","title":{"rendered":"ACTO\u00a0ADMINISTRATIVO DE ADJUDICACI\u00d3N DE LA CONTRATACI\u00d3N DIRECTA POR COMPULSA ABREVIADA &#8211; N\u00b0 255\/25-525 EXPEDIENTE MS-E-46870\/25.  OBJETO: \u00abCONTRATACI\u00d3N DEL SERVICIO DE MANTENIMIENTO PREVENTIVO Y CORRECTIVO DEL EC\u00d3GRAFO MARCA ESAOTE, MODELO MYLAB SEVEN, EMPLAZADO EN EL SERVICIO DE NEONATOLOG\u00cdA DEL HOSPITAL REGIONAL USHUAIA, DEPENDIENTE DEL MINISTERIO DE SALUD DE LA PROVINCIA.\u00bb"},"content":{"rendered":"<p>ACTO\u00a0ADMINISTRATIVO DE ADJUDICACI\u00d3N DETALLADO A CONTINUACI\u00d3N:<\/p>\n<p>RESOLUCI\u00d3N S.S. N\u00b0 466\/25 &#8211; CONTRATACI\u00d3N DIRECTA POR COMPULSA ABREVIADA &#8211; N\u00b0 255\/25-525 EXPEDIENTE MS-E-46870\/25.<\/p>\n<p>OBJETO: \u00abCONTRATACI\u00d3N DEL SERVICIO DE MANTENIMIENTO PREVENTIVO Y CORRECTIVO DEL EC\u00d3GRAFO MARCA ESAOTE, MODELO MYLAB SEVEN, EMPLAZADO EN EL SERVICIO DE NEONATOLOG\u00cdA DEL HOSPITAL REGIONAL USHUAIA, DEPENDIENTE DEL MINISTERIO DE SALUD DE LA PROVINCIA.\u00bb<\/p>\n<p><strong><a href=\"https:\/\/compras.tierradelfuego.gob.ar\/wp-content\/uploads\/2025\/09\/resolucion-s.s-na-000466-25-cde-e-46870-25.pdf\">resolucion-s.s-na-000466-25-cde-e-46870-25<\/a><\/strong><\/p>\n","protected":false},"excerpt":{"rendered":"<p>ACTO\u00a0ADMINISTRATIVO DE ADJUDICACI\u00d3N DETALLADO A CONTINUACI\u00d3N: RESOLUCI\u00d3N S.S. N\u00b0 466\/25 &#8211; CONTRATACI\u00d3N DIRECTA POR COMPULSA ABREVIADA &#8211; N\u00b0 255\/25-525 EXPEDIENTE MS-E-46870\/25. OBJETO: \u00abCONTRATACI\u00d3N DEL SERVICIO DE MANTENIMIENTO PREVENTIVO Y CORRECTIVO DEL EC\u00d3GRAFO MARCA ESAOTE, MODELO MYLAB SEVEN, EMPLAZADO EN EL SERVICIO DE NEONATOLOG\u00cdA DEL HOSPITAL REGIONAL USHUAIA, DEPENDIENTE DEL MINISTERIO DE SALUD DE LA PROVINCIA.\u00bb [&hellip;]<\/p>\n","protected":false},"author":20,"featured_media":0,"comment_status":"closed","ping_status":"closed","sticky":false,"template":"","format":"standard","meta":{"footnotes":""},"categories":[186,3,11,13,25],"tags":[],"class_list":["post-252749","post","type-post","status-publish","format-standard","hentry","category-adjudicadas","category-compras","category-directa","category-hospital-regional-ushuaia","category-ministerio-de-salud"],"_links":{"self":[{"href":"https:\/\/compras.tierradelfuego.gob.ar\/index.php?rest_route=\/wp\/v2\/posts\/252749","targetHints":{"allow":["GET"]}}],"collection":[{"href":"https:\/\/compras.tierradelfuego.gob.ar\/index.php?rest_route=\/wp\/v2\/posts"}],"about":[{"href":"https:\/\/compras.tierradelfuego.gob.ar\/index.php?rest_route=\/wp\/v2\/types\/post"}],"author":[{"embeddable":true,"href":"https:\/\/compras.tierradelfuego.gob.ar\/index.php?rest_route=\/wp\/v2\/users\/20"}],"replies":[{"embeddable":true,"href":"https:\/\/compras.tierradelfuego.gob.ar\/index.php?rest_route=%2Fwp%2Fv2%2Fcomments&post=252749"}],"version-history":[{"count":1,"href":"https:\/\/compras.tierradelfuego.gob.ar\/index.php?rest_route=\/wp\/v2\/posts\/252749\/revisions"}],"predecessor-version":[{"id":252751,"href":"https:\/\/compras.tierradelfuego.gob.ar\/index.php?rest_route=\/wp\/v2\/posts\/252749\/revisions\/252751"}],"wp:attachment":[{"href":"https:\/\/compras.tierradelfuego.gob.ar\/index.php?rest_route=%2Fwp%2Fv2%2Fmedia&parent=252749"}],"wp:term":[{"taxonomy":"category","embeddable":true,"href":"https:\/\/compras.tierradelfuego.gob.ar\/index.php?rest_route=%2Fwp%2Fv2%2Fcategories&post=252749"},{"taxonomy":"post_tag","embeddable":true,"href":"https:\/\/compras.tierradelfuego.gob.ar\/index.php?rest_route=%2Fwp%2Fv2%2Ftags&post=252749"}],"curies":[{"name":"wp","href":"https:\/\/api.w.org\/{rel}","templated":true}]}}