{"id":25203,"date":"2018-08-27T16:34:46","date_gmt":"2018-08-27T19:34:46","guid":{"rendered":"http:\/\/compras.tierradelfuego.gov.ar\/?p=25203"},"modified":"2018-08-27T16:34:46","modified_gmt":"2018-08-27T19:34:46","slug":"la-secretaria-de-medio-de-la-provincia-de-tierra-del-fuego-los-invita-a-participar-de-la-contratacion-de-servicios-publicitarios-7","status":"publish","type":"post","link":"https:\/\/compras.tierradelfuego.gob.ar\/?p=25203","title":{"rendered":"LA SECRETAR\u00cdA DE MEDIO DE LA PROVINCIA DE TIERRA DEL FUEGO LOS INVITA A PARTICIPAR DE LA CONTRATACI\u00d3N DE SERVICIOS PUBLICITARIOS"},"content":{"rendered":"<p align=\"LEFT\"><span style=\"font-family: Times New Roman, serif;\"><span style=\"font-size: small;\"><strong>LA SECRETAR\u00cdA DE MEDIO DE LA PROVINCIA DE TIERRA DEL FUEGO LOS INVITA A PARTICIPAR DE LA CONTRATACI\u00d3N DE SERVICIOS PUBLICITARIOS<\/strong>, EN MEDIOS GR\u00c1FICOS, RADIALES, TELEVISIVOS Y DIGITALES, PARA LA DIFUSI\u00d3N DE LA CAMPA\u00d1A \u00abEDUCACI\u00d3N\u00bb. D\u00cdAS DE PUBLICACI\u00d3N 28\/08\/18,29\/08\/18 Y 30\/08\/18.<\/span><\/span><\/p>\n<p align=\"LEFT\"><span style=\"font-family: Times New Roman, serif;\"><span style=\"font-size: small;\"><strong>LUGAR DE RECEPCI\u00d3N DE OFERTAS:<\/strong> SAN MART\u00cdN N\u00b0 450, 2\u00b0 PISO-C.P. N\u00b0 (9410) &#8211; SECRETAR\u00cdA DE MEDIOS.<\/span><\/span><\/p>\n<p align=\"LEFT\"><span style=\"font-family: Times New Roman, serif;\"><span style=\"font-size: small;\"><strong>CONTACTO:<\/strong> TEL. (02901) &#8211; 441228. <\/span><\/span><\/p>\n<p align=\"LEFT\">\n","protected":false},"excerpt":{"rendered":"<p>LA SECRETAR\u00cdA DE MEDIO DE LA PROVINCIA DE TIERRA DEL FUEGO LOS INVITA A PARTICIPAR DE LA CONTRATACI\u00d3N DE SERVICIOS PUBLICITARIOS, EN MEDIOS GR\u00c1FICOS, RADIALES, TELEVISIVOS Y DIGITALES, PARA LA DIFUSI\u00d3N DE LA CAMPA\u00d1A \u00abEDUCACI\u00d3N\u00bb. D\u00cdAS DE PUBLICACI\u00d3N 28\/08\/18,29\/08\/18 Y 30\/08\/18. LUGAR DE RECEPCI\u00d3N DE OFERTAS: SAN MART\u00cdN N\u00b0 450, 2\u00b0 PISO-C.P. N\u00b0 (9410) &#8211; [&hellip;]<\/p>\n","protected":false},"author":1,"featured_media":0,"comment_status":"open","ping_status":"open","sticky":false,"template":"","format":"standard","meta":{"footnotes":""},"categories":[3,124],"tags":[],"class_list":["post-25203","post","type-post","status-publish","format-standard","hentry","category-compras","category-secretaria-de-medios"],"_links":{"self":[{"href":"https:\/\/compras.tierradelfuego.gob.ar\/index.php?rest_route=\/wp\/v2\/posts\/25203","targetHints":{"allow":["GET"]}}],"collection":[{"href":"https:\/\/compras.tierradelfuego.gob.ar\/index.php?rest_route=\/wp\/v2\/posts"}],"about":[{"href":"https:\/\/compras.tierradelfuego.gob.ar\/index.php?rest_route=\/wp\/v2\/types\/post"}],"author":[{"embeddable":true,"href":"https:\/\/compras.tierradelfuego.gob.ar\/index.php?rest_route=\/wp\/v2\/users\/1"}],"replies":[{"embeddable":true,"href":"https:\/\/compras.tierradelfuego.gob.ar\/index.php?rest_route=%2Fwp%2Fv2%2Fcomments&post=25203"}],"version-history":[{"count":0,"href":"https:\/\/compras.tierradelfuego.gob.ar\/index.php?rest_route=\/wp\/v2\/posts\/25203\/revisions"}],"wp:attachment":[{"href":"https:\/\/compras.tierradelfuego.gob.ar\/index.php?rest_route=%2Fwp%2Fv2%2Fmedia&parent=25203"}],"wp:term":[{"taxonomy":"category","embeddable":true,"href":"https:\/\/compras.tierradelfuego.gob.ar\/index.php?rest_route=%2Fwp%2Fv2%2Fcategories&post=25203"},{"taxonomy":"post_tag","embeddable":true,"href":"https:\/\/compras.tierradelfuego.gob.ar\/index.php?rest_route=%2Fwp%2Fv2%2Ftags&post=25203"}],"curies":[{"name":"wp","href":"https:\/\/api.w.org\/{rel}","templated":true}]}}