{"id":251520,"date":"2025-09-05T14:08:17","date_gmt":"2025-09-05T17:08:17","guid":{"rendered":"https:\/\/compras.tierradelfuego.gob.ar\/?p=251520"},"modified":"2025-09-05T14:08:17","modified_gmt":"2025-09-05T17:08:17","slug":"compra-directa-no-86-2025-expediente-no-e-870-2025-objeto-contratacion-de-servicio-tecnico-de-calderas-infuetur","status":"publish","type":"post","link":"https:\/\/compras.tierradelfuego.gob.ar\/?p=251520","title":{"rendered":"COMPRA DIRECTA N\u00ba 86\/2025 -EXPEDIENTE N\u00ba: E-870-2025 -OBJETO: CONTRATACI\u00d3N DE SERVICIO T\u00c9CNICO DE CALDERAS-INFUETUR"},"content":{"rendered":"<p>COMPRA DIRECTA N\u00ba: 86\/2025.<\/p>\n<p>EXPEDIENTE N\u00ba: E-870-2025.<\/p>\n<p>DIFUSI\u00d3N: REQUERIMIENTO DE PRESUPUESTO.<\/p>\n<p>OBJETO: CONTRATACI\u00d3N DE SERVICIO T\u00c9CNICO DE CALDERAS-<\/p>\n<p>LUGAR DE RECEPCI\u00d3N DE OFERTAS: E-MAIL: <a href=\"mailto:compras@infuetur.gob.ar-AV\">COMPRAS@INFUETUR.GOB.AR<\/a><\/p>\n<p>VENCIMIENTO PARA PRESENTACI\u00d3N DE OFERTA: 08\/09\/2025, 15HS.<\/p>\n<p>&nbsp;<\/p>\n<p><strong><a href=\"https:\/\/compras.tierradelfuego.gob.ar\/wp-content\/uploads\/2025\/09\/cd-86-25.pdf\">cd-86-25<\/a><\/strong><\/p>\n","protected":false},"excerpt":{"rendered":"<p>COMPRA DIRECTA N\u00ba: 86\/2025. EXPEDIENTE N\u00ba: E-870-2025. DIFUSI\u00d3N: REQUERIMIENTO DE PRESUPUESTO. OBJETO: CONTRATACI\u00d3N DE SERVICIO T\u00c9CNICO DE CALDERAS- LUGAR DE RECEPCI\u00d3N DE OFERTAS: E-MAIL: COMPRAS@INFUETUR.GOB.AR VENCIMIENTO PARA PRESENTACI\u00d3N DE OFERTA: 08\/09\/2025, 15HS. &nbsp; cd-86-25<\/p>\n","protected":false},"author":19,"featured_media":0,"comment_status":"closed","ping_status":"closed","sticky":false,"template":"","format":"standard","meta":{"footnotes":""},"categories":[3,185,11,140,14],"tags":[],"class_list":["post-251520","post","type-post","status-publish","format-standard","hentry","category-compras","category-con-apertura-proxima","category-directa","category-in-fue-tur","category-instituto-fueguino-del-turismo-infuetur"],"_links":{"self":[{"href":"https:\/\/compras.tierradelfuego.gob.ar\/index.php?rest_route=\/wp\/v2\/posts\/251520","targetHints":{"allow":["GET"]}}],"collection":[{"href":"https:\/\/compras.tierradelfuego.gob.ar\/index.php?rest_route=\/wp\/v2\/posts"}],"about":[{"href":"https:\/\/compras.tierradelfuego.gob.ar\/index.php?rest_route=\/wp\/v2\/types\/post"}],"author":[{"embeddable":true,"href":"https:\/\/compras.tierradelfuego.gob.ar\/index.php?rest_route=\/wp\/v2\/users\/19"}],"replies":[{"embeddable":true,"href":"https:\/\/compras.tierradelfuego.gob.ar\/index.php?rest_route=%2Fwp%2Fv2%2Fcomments&post=251520"}],"version-history":[{"count":1,"href":"https:\/\/compras.tierradelfuego.gob.ar\/index.php?rest_route=\/wp\/v2\/posts\/251520\/revisions"}],"predecessor-version":[{"id":251522,"href":"https:\/\/compras.tierradelfuego.gob.ar\/index.php?rest_route=\/wp\/v2\/posts\/251520\/revisions\/251522"}],"wp:attachment":[{"href":"https:\/\/compras.tierradelfuego.gob.ar\/index.php?rest_route=%2Fwp%2Fv2%2Fmedia&parent=251520"}],"wp:term":[{"taxonomy":"category","embeddable":true,"href":"https:\/\/compras.tierradelfuego.gob.ar\/index.php?rest_route=%2Fwp%2Fv2%2Fcategories&post=251520"},{"taxonomy":"post_tag","embeddable":true,"href":"https:\/\/compras.tierradelfuego.gob.ar\/index.php?rest_route=%2Fwp%2Fv2%2Ftags&post=251520"}],"curies":[{"name":"wp","href":"https:\/\/api.w.org\/{rel}","templated":true}]}}