{"id":250652,"date":"2025-08-28T13:30:24","date_gmt":"2025-08-28T16:30:24","guid":{"rendered":"https:\/\/compras.tierradelfuego.gob.ar\/?p=250652"},"modified":"2025-08-28T13:30:24","modified_gmt":"2025-08-28T16:30:24","slug":"informe-tecnico-de-preadjudicacion-sobre-la-contratacion-abogada-hernandez-davila-yanina-grisel-por-el-termino-de-12-meses-mtye-e-79965-2025","status":"publish","type":"post","link":"https:\/\/compras.tierradelfuego.gob.ar\/?p=250652","title":{"rendered":"INFORME T\u00c9CNICO DE PREADJUDICACI\u00d3N SOBRE LA CONTRATACI\u00d3N ABOGADA. HERN\u00c1NDEZ DAVILA YANINA GRISEL, POR EL TERMINO DE 12 MESES &#8211; MTYE. E- 79965-2025"},"content":{"rendered":"<p>INFORME\u00a0T\u00c9CNICO DE PREADJUDICACI\u00d3N SOBRE LA CONTRATACI\u00d3N ABOGADA. HERN\u00c1NDEZ DAVILA YANINA GRISEL, POR EL TERMINO DE 12 MESES &#8211; MTYE. E- 79965-2025<\/p>\n<p>SOBRE LA CONTRATACI\u00d3N ABOGADA. HERN\u00c1NDEZ DAVILA YANINA GRISEL, POR EL TERMINO DE 12 MESES &#8211; MTYE. E- 79965-2025<\/p>\n<p>OBJETO: SOBRE LA CONTRATACI\u00d3N DEL PROFESIONAL DEL DERECHO, ABOGADA. HERN\u00c1NDEZ DAVILA YANINA GRISEL, D.N.I. N\u00ba 33.484.307 \u00a0POR EL TERMINO DE 12 MESES &#8211; EN DIRECCI\u00d3N GENERAL DE ASUNTOS JUR\u00cdDICOS Y JUDICIALES DEL M.T. Y E.<\/p>\n<p>&nbsp;<\/p>\n<p><strong><a href=\"https:\/\/compras.tierradelfuego.gob.ar\/wp-content\/uploads\/2025\/08\/sobre-la-contratacion-abogada.-hernandez-davila-yanina-grisel-por-el-termino-de-12-meses-mtye.-e-79965-2025-1.zip\">sobre-la-contratacion-abogada.-hernandez-davila-yanina-grisel-por-el-termino-de-12-meses-mtye.-e-79965-2025-1<\/a><\/strong><\/p>\n<p>&nbsp;<\/p>\n<p>&nbsp;<\/p>\n","protected":false},"excerpt":{"rendered":"<p>INFORME\u00a0T\u00c9CNICO DE PREADJUDICACI\u00d3N SOBRE LA CONTRATACI\u00d3N ABOGADA. HERN\u00c1NDEZ DAVILA YANINA GRISEL, POR EL TERMINO DE 12 MESES &#8211; MTYE. E- 79965-2025 SOBRE LA CONTRATACI\u00d3N ABOGADA. HERN\u00c1NDEZ DAVILA YANINA GRISEL, POR EL TERMINO DE 12 MESES &#8211; MTYE. E- 79965-2025 OBJETO: SOBRE LA CONTRATACI\u00d3N DEL PROFESIONAL DEL DERECHO, ABOGADA. HERN\u00c1NDEZ DAVILA YANINA GRISEL, D.N.I. N\u00ba 33.484.307 [&hellip;]<\/p>\n","protected":false},"author":19,"featured_media":0,"comment_status":"closed","ping_status":"closed","sticky":false,"template":"","format":"standard","meta":{"footnotes":""},"categories":[3,11,26,200],"tags":[],"class_list":["post-250652","post","type-post","status-publish","format-standard","hentry","category-compras","category-directa","category-ministerio-de-trabajo","category-pre-adjudicacion"],"_links":{"self":[{"href":"https:\/\/compras.tierradelfuego.gob.ar\/index.php?rest_route=\/wp\/v2\/posts\/250652","targetHints":{"allow":["GET"]}}],"collection":[{"href":"https:\/\/compras.tierradelfuego.gob.ar\/index.php?rest_route=\/wp\/v2\/posts"}],"about":[{"href":"https:\/\/compras.tierradelfuego.gob.ar\/index.php?rest_route=\/wp\/v2\/types\/post"}],"author":[{"embeddable":true,"href":"https:\/\/compras.tierradelfuego.gob.ar\/index.php?rest_route=\/wp\/v2\/users\/19"}],"replies":[{"embeddable":true,"href":"https:\/\/compras.tierradelfuego.gob.ar\/index.php?rest_route=%2Fwp%2Fv2%2Fcomments&post=250652"}],"version-history":[{"count":1,"href":"https:\/\/compras.tierradelfuego.gob.ar\/index.php?rest_route=\/wp\/v2\/posts\/250652\/revisions"}],"predecessor-version":[{"id":250654,"href":"https:\/\/compras.tierradelfuego.gob.ar\/index.php?rest_route=\/wp\/v2\/posts\/250652\/revisions\/250654"}],"wp:attachment":[{"href":"https:\/\/compras.tierradelfuego.gob.ar\/index.php?rest_route=%2Fwp%2Fv2%2Fmedia&parent=250652"}],"wp:term":[{"taxonomy":"category","embeddable":true,"href":"https:\/\/compras.tierradelfuego.gob.ar\/index.php?rest_route=%2Fwp%2Fv2%2Fcategories&post=250652"},{"taxonomy":"post_tag","embeddable":true,"href":"https:\/\/compras.tierradelfuego.gob.ar\/index.php?rest_route=%2Fwp%2Fv2%2Ftags&post=250652"}],"curies":[{"name":"wp","href":"https:\/\/api.w.org\/{rel}","templated":true}]}}