{"id":250562,"date":"2025-08-28T08:05:52","date_gmt":"2025-08-28T11:05:52","guid":{"rendered":"https:\/\/compras.tierradelfuego.gob.ar\/?p=250562"},"modified":"2025-08-27T16:00:23","modified_gmt":"2025-08-27T19:00:23","slug":"informe-tecnico-compra-directa-n-21-2025-expediente-62562-2025-que-tramita-la-adquisicion-de-equipamiento-informatico-destinado-a-las-oficinas-del-ministerio-de-trabajo-y-empleo-tolhuin","status":"publish","type":"post","link":"https:\/\/compras.tierradelfuego.gob.ar\/?p=250562","title":{"rendered":"INFORME T\u00c9CNICO &#8211; COMPRA DIRECTA N\u00b0 21-2025 EXPEDIENTE 62562-2025 QUE TRAMITA LA ADQUISICI\u00d3N DE EQUIPAMIENTO INFORM\u00c1TICO DESTINADO A LAS OFICINAS DEL MINISTERIO DE TRABAJO Y EMPLEO, TOLHUIN."},"content":{"rendered":"<p>PRE ADJUDICACI\u00d3N QUE SE REFIERE A LA CONTRATACI\u00d3N DIRECTA N\u00b0 00021\/25 \u2013 RAF 540 \u2013 EXPEDIENTE MTE-E-62562-2025, QUE TRAMITA LA ADQUISICI\u00d3N DE EQUIPAMIENTO INFORM\u00c1TICO DESTINADO A LAS OFICINAS DEL MINISTERIO DE TRABAJO Y EMPLEO, TOLHUIN.<\/p>\n<p>&nbsp;<\/p>\n<p><strong><a href=\"https:\/\/compras.tierradelfuego.gob.ar\/wp-content\/uploads\/2025\/08\/030-2025-informe-adjundicacion-equipamiento-thn-1.pdf\">030-2025-informe-adjundicacion-equipamiento-thn-1<\/a><\/strong><\/p>\n","protected":false},"excerpt":{"rendered":"<p>PRE ADJUDICACI\u00d3N QUE SE REFIERE A LA CONTRATACI\u00d3N DIRECTA N\u00b0 00021\/25 \u2013 RAF 540 \u2013 EXPEDIENTE MTE-E-62562-2025, QUE TRAMITA LA ADQUISICI\u00d3N DE EQUIPAMIENTO INFORM\u00c1TICO DESTINADO A LAS OFICINAS DEL MINISTERIO DE TRABAJO Y EMPLEO, TOLHUIN. &nbsp; 030-2025-informe-adjundicacion-equipamiento-thn-1<\/p>\n","protected":false},"author":19,"featured_media":0,"comment_status":"closed","ping_status":"closed","sticky":false,"template":"","format":"standard","meta":{"footnotes":""},"categories":[186,3,11,26],"tags":[],"class_list":["post-250562","post","type-post","status-publish","format-standard","hentry","category-adjudicadas","category-compras","category-directa","category-ministerio-de-trabajo"],"_links":{"self":[{"href":"https:\/\/compras.tierradelfuego.gob.ar\/index.php?rest_route=\/wp\/v2\/posts\/250562","targetHints":{"allow":["GET"]}}],"collection":[{"href":"https:\/\/compras.tierradelfuego.gob.ar\/index.php?rest_route=\/wp\/v2\/posts"}],"about":[{"href":"https:\/\/compras.tierradelfuego.gob.ar\/index.php?rest_route=\/wp\/v2\/types\/post"}],"author":[{"embeddable":true,"href":"https:\/\/compras.tierradelfuego.gob.ar\/index.php?rest_route=\/wp\/v2\/users\/19"}],"replies":[{"embeddable":true,"href":"https:\/\/compras.tierradelfuego.gob.ar\/index.php?rest_route=%2Fwp%2Fv2%2Fcomments&post=250562"}],"version-history":[{"count":1,"href":"https:\/\/compras.tierradelfuego.gob.ar\/index.php?rest_route=\/wp\/v2\/posts\/250562\/revisions"}],"predecessor-version":[{"id":250564,"href":"https:\/\/compras.tierradelfuego.gob.ar\/index.php?rest_route=\/wp\/v2\/posts\/250562\/revisions\/250564"}],"wp:attachment":[{"href":"https:\/\/compras.tierradelfuego.gob.ar\/index.php?rest_route=%2Fwp%2Fv2%2Fmedia&parent=250562"}],"wp:term":[{"taxonomy":"category","embeddable":true,"href":"https:\/\/compras.tierradelfuego.gob.ar\/index.php?rest_route=%2Fwp%2Fv2%2Fcategories&post=250562"},{"taxonomy":"post_tag","embeddable":true,"href":"https:\/\/compras.tierradelfuego.gob.ar\/index.php?rest_route=%2Fwp%2Fv2%2Ftags&post=250562"}],"curies":[{"name":"wp","href":"https:\/\/api.w.org\/{rel}","templated":true}]}}