{"id":250554,"date":"2025-08-27T15:15:39","date_gmt":"2025-08-27T18:15:39","guid":{"rendered":"https:\/\/compras.tierradelfuego.gob.ar\/?p=250554"},"modified":"2025-08-27T15:15:39","modified_gmt":"2025-08-27T18:15:39","slug":"disposicion-d-g-p-f-y-p-s-c-a-g-n-02-2025-sobre-la-compra-directa-n-29-2025-raf-100-tramitado-mediante-el-expediente-n-75367-2025-que-tramita-la-contratacion-directa-por-ad","status":"publish","type":"post","link":"https:\/\/compras.tierradelfuego.gob.ar\/?p=250554","title":{"rendered":"DISPOSICI\u00d3N D.G.P.F Y P. &#8211; S.C.A.G. N\u00b0 02-2025, SOBRE LA COMPRA DIRECTA N\u00b0 29\/2025, RAF-100, TRAMITADO MEDIANTE EL EXPEDIENTE N\u00b0 75367 -2025, QUE TRAMITA LA -CONTRATACION DIRECTA POR ADJUDICACION SIMPLE &#8211; LOCACION DE SERVICIO &#8211; PERSONAL ID\u00d3NEO CHOFER CON VEH\u00cdCULO."},"content":{"rendered":"<p>DISPOSICI\u00d3N D.G.P.F Y P. &#8211; S.C.A.G. N\u00b0 02-2025, SOBRE LA COMPRA DIRECTA N\u00b0 29\/2025, RAF-100, TRAMITADO MEDIANTE EL EXPEDIENTE N\u00b0 75367 -2025, QUE TRAMITA LA -CONTRATACION DIRECTA POR ADJUDICACION SIMPLE &#8211; LOCACION DE SERVICIO &#8211; PERSONAL ID\u00d3NEO CHOFER CON VEH\u00cdCULO.<\/p>\n<p>LUGAR DE RECEPCI\u00d3N: SAN MARTIN 450 PISO 2\u00b0 OFIC. 73 O AL CORREO \u00ab<a href=\"mailto:contratacionesug@gmail.com\">CONTRATACIONESUG@TIERRADELFUEGO.GOB.<\/a>AR\u00bb<\/p>\n<p>FECHA DE APERTURA: JUEVES\u00a0 28 DE AGOSTO DE 2025, HASTA LAS 15:00 HS INCLUSIVE.<\/p>\n<p><strong><a href=\"https:\/\/compras.tierradelfuego.gob.ar\/wp-content\/uploads\/2025\/08\/disposicion-d.g.p.f-y-p.-s.c.a.g.-n-2-2025.pdf\">disposicion-d.g.p.f-y-p.-s.c.a.g.-n-2-2025<\/a><\/strong><\/p>\n<p>&nbsp;<\/p>\n","protected":false},"excerpt":{"rendered":"<p>DISPOSICI\u00d3N D.G.P.F Y P. &#8211; S.C.A.G. N\u00b0 02-2025, SOBRE LA COMPRA DIRECTA N\u00b0 29\/2025, RAF-100, TRAMITADO MEDIANTE EL EXPEDIENTE N\u00b0 75367 -2025, QUE TRAMITA LA -CONTRATACION DIRECTA POR ADJUDICACION SIMPLE &#8211; LOCACION DE SERVICIO &#8211; PERSONAL ID\u00d3NEO CHOFER CON VEH\u00cdCULO. LUGAR DE RECEPCI\u00d3N: SAN MARTIN 450 PISO 2\u00b0 OFIC. 73 O AL CORREO \u00abCONTRATACIONESUG@TIERRADELFUEGO.GOB.AR\u00bb FECHA [&hellip;]<\/p>\n","protected":false},"author":19,"featured_media":0,"comment_status":"closed","ping_status":"closed","sticky":false,"template":"","format":"standard","meta":{"footnotes":""},"categories":[3,185,11,158,175],"tags":[],"class_list":["post-250554","post","type-post","status-publish","format-standard","hentry","category-compras","category-con-apertura-proxima","category-directa","category-secretaria-privada","category-secretaria-unidad-gobernador"],"_links":{"self":[{"href":"https:\/\/compras.tierradelfuego.gob.ar\/index.php?rest_route=\/wp\/v2\/posts\/250554","targetHints":{"allow":["GET"]}}],"collection":[{"href":"https:\/\/compras.tierradelfuego.gob.ar\/index.php?rest_route=\/wp\/v2\/posts"}],"about":[{"href":"https:\/\/compras.tierradelfuego.gob.ar\/index.php?rest_route=\/wp\/v2\/types\/post"}],"author":[{"embeddable":true,"href":"https:\/\/compras.tierradelfuego.gob.ar\/index.php?rest_route=\/wp\/v2\/users\/19"}],"replies":[{"embeddable":true,"href":"https:\/\/compras.tierradelfuego.gob.ar\/index.php?rest_route=%2Fwp%2Fv2%2Fcomments&post=250554"}],"version-history":[{"count":1,"href":"https:\/\/compras.tierradelfuego.gob.ar\/index.php?rest_route=\/wp\/v2\/posts\/250554\/revisions"}],"predecessor-version":[{"id":250556,"href":"https:\/\/compras.tierradelfuego.gob.ar\/index.php?rest_route=\/wp\/v2\/posts\/250554\/revisions\/250556"}],"wp:attachment":[{"href":"https:\/\/compras.tierradelfuego.gob.ar\/index.php?rest_route=%2Fwp%2Fv2%2Fmedia&parent=250554"}],"wp:term":[{"taxonomy":"category","embeddable":true,"href":"https:\/\/compras.tierradelfuego.gob.ar\/index.php?rest_route=%2Fwp%2Fv2%2Fcategories&post=250554"},{"taxonomy":"post_tag","embeddable":true,"href":"https:\/\/compras.tierradelfuego.gob.ar\/index.php?rest_route=%2Fwp%2Fv2%2Ftags&post=250554"}],"curies":[{"name":"wp","href":"https:\/\/api.w.org\/{rel}","templated":true}]}}