{"id":250549,"date":"2025-08-27T15:05:54","date_gmt":"2025-08-27T18:05:54","guid":{"rendered":"https:\/\/compras.tierradelfuego.gob.ar\/?p=250549"},"modified":"2025-08-27T15:05:54","modified_gmt":"2025-08-27T18:05:54","slug":"compra-directa-n-08-25-raf-1595-expediente-ug-e-80251-2025-asunto-adquisicion-de-tintas-para-impresora-epson-l5590-secretaria-privada-de-la-unidad-gobernador-zona-norte","status":"publish","type":"post","link":"https:\/\/compras.tierradelfuego.gob.ar\/?p=250549","title":{"rendered":"COMPRA DIRECTA N\u00b0 08\/25 &#8211; RAF 1595- EXPEDIENTE UG-E-80251-2025 &#8211; ASUNTO: ADQUISICI\u00d3N DE TINTAS PARA IMPRESORA EPSON L5590, SECRETARIA PRIVADA DE LA UNIDAD GOBERNADOR ZONA NORTE."},"content":{"rendered":"<p>COMPRA DIRECTA N\u00b0 08\/25\u00a0&#8211; RAF 1595- EXPEDIENTE UG-E-80251-2025.-<\/p>\n<p>ASUNTO: ADQUISICI\u00d3N DE TINTAS PARA IMPRESORA EPSON L5590, SECRETARIA PRIVADA DE LA UNIDAD GOBERNADOR ZONA NORTE.<\/p>\n<p>FECHA L\u00cdMITE DE PRESENTACI\u00d3N DE OFERTAS: 28\/08\/25.<\/p>\n<p>HORA: 16:10 HS.<\/p>\n<p>LUGAR PRESENTACI\u00d3N DE OFERTAS: O\u00b4HIGGINS N\u00b0 181 PISO 3\u00a0OFICINA 1\u00a0CIUDAD DE RIO GRANDE O V\u00cdA CORREO ELECTR\u00d3NICO A SECRETARIAPRIVADARG@TIERRADELFUEGO.GOB.AR<\/p>\n<p>DOMICILIO: O\u00b4HIGGINS N\u00b0 181- RIO GRANDE &#8211; CP 9420<\/p>\n<p>ACLARACION: SE INFORMA A LOS PROVEEDORES INTERESADOS QUE LA PRESENTE NO CONTARA CON CLAUSURA DE REDETERMINACI\u00d3N DE PRECIO.<\/p>\n<p>ANTE LA NECESIDAD DE FORMULAR CUALQUIER CONSULTA RESPECTO DEL PRESENTE, SE INFORMA QUE PODR\u00c1 CONTACTARSE CON EL SIGUIENTE E-MAIL: \u00a0SECRETARIAPRIVADARG@TIERRADELFUEGO.GOB.AR<\/p>\n<p>&nbsp;<\/p>\n<p><strong><a href=\"https:\/\/compras.tierradelfuego.gob.ar\/wp-content\/uploads\/2025\/08\/formulario-de-cotizacion-08-25.pdf\">formulario-de-cotizacion-08-25<\/a><\/strong><\/p>\n","protected":false},"excerpt":{"rendered":"<p>COMPRA DIRECTA N\u00b0 08\/25\u00a0&#8211; RAF 1595- EXPEDIENTE UG-E-80251-2025.- ASUNTO: ADQUISICI\u00d3N DE TINTAS PARA IMPRESORA EPSON L5590, SECRETARIA PRIVADA DE LA UNIDAD GOBERNADOR ZONA NORTE. FECHA L\u00cdMITE DE PRESENTACI\u00d3N DE OFERTAS: 28\/08\/25. HORA: 16:10 HS. LUGAR PRESENTACI\u00d3N DE OFERTAS: O\u00b4HIGGINS N\u00b0 181 PISO 3\u00a0OFICINA 1\u00a0CIUDAD DE RIO GRANDE O V\u00cdA CORREO ELECTR\u00d3NICO A SECRETARIAPRIVADARG@TIERRADELFUEGO.GOB.AR DOMICILIO: O\u00b4HIGGINS [&hellip;]<\/p>\n","protected":false},"author":19,"featured_media":0,"comment_status":"closed","ping_status":"closed","sticky":false,"template":"","format":"standard","meta":{"footnotes":""},"categories":[3,185,11,158,175],"tags":[],"class_list":["post-250549","post","type-post","status-publish","format-standard","hentry","category-compras","category-con-apertura-proxima","category-directa","category-secretaria-privada","category-secretaria-unidad-gobernador"],"_links":{"self":[{"href":"https:\/\/compras.tierradelfuego.gob.ar\/index.php?rest_route=\/wp\/v2\/posts\/250549","targetHints":{"allow":["GET"]}}],"collection":[{"href":"https:\/\/compras.tierradelfuego.gob.ar\/index.php?rest_route=\/wp\/v2\/posts"}],"about":[{"href":"https:\/\/compras.tierradelfuego.gob.ar\/index.php?rest_route=\/wp\/v2\/types\/post"}],"author":[{"embeddable":true,"href":"https:\/\/compras.tierradelfuego.gob.ar\/index.php?rest_route=\/wp\/v2\/users\/19"}],"replies":[{"embeddable":true,"href":"https:\/\/compras.tierradelfuego.gob.ar\/index.php?rest_route=%2Fwp%2Fv2%2Fcomments&post=250549"}],"version-history":[{"count":1,"href":"https:\/\/compras.tierradelfuego.gob.ar\/index.php?rest_route=\/wp\/v2\/posts\/250549\/revisions"}],"predecessor-version":[{"id":250551,"href":"https:\/\/compras.tierradelfuego.gob.ar\/index.php?rest_route=\/wp\/v2\/posts\/250549\/revisions\/250551"}],"wp:attachment":[{"href":"https:\/\/compras.tierradelfuego.gob.ar\/index.php?rest_route=%2Fwp%2Fv2%2Fmedia&parent=250549"}],"wp:term":[{"taxonomy":"category","embeddable":true,"href":"https:\/\/compras.tierradelfuego.gob.ar\/index.php?rest_route=%2Fwp%2Fv2%2Fcategories&post=250549"},{"taxonomy":"post_tag","embeddable":true,"href":"https:\/\/compras.tierradelfuego.gob.ar\/index.php?rest_route=%2Fwp%2Fv2%2Ftags&post=250549"}],"curies":[{"name":"wp","href":"https:\/\/api.w.org\/{rel}","templated":true}]}}