{"id":250075,"date":"2025-08-22T14:01:44","date_gmt":"2025-08-22T17:01:44","guid":{"rendered":"https:\/\/compras.tierradelfuego.gob.ar\/?p=250075"},"modified":"2025-08-22T14:01:44","modified_gmt":"2025-08-22T17:01:44","slug":"compra-directa-nro-00023-2025-raf-540-expediente-mte-e-nro-79965-2025-1849-objeto-contratacion-del-profesional-del-derecho-abogada-hernandez-davila-yanina-grisel-d-n-i-no-33-484-307-po","status":"publish","type":"post","link":"https:\/\/compras.tierradelfuego.gob.ar\/?p=250075","title":{"rendered":"COMPRA DIRECTA NRO.00023\/2025 &#8211; RAF 540- EXPEDIENTE MTE-E- NRO. 79965-2025- 1849 &#8211; OBJETO: &#8211; CONTRATACI\u00d3N DEL PROFESIONAL DEL DERECHO, ABOGADA. HERN\u00c1NDEZ DAVILA YANINA GRISEL, D.N.I. N\u00ba 33.484.307  POR EL TERMINO DE 12 MESES &#8211; EN DIRECCI\u00d3N GENERAL DE ASUNTOS JUR\u00cdDICOS Y JUDICIALES DEL M.T. Y E."},"content":{"rendered":"<p>COMPRA DIRECTA NRO.00023\/2025 &#8211; RAF 540- EXPEDIENTE MTE-E- NRO. 79965-2025- 1849<\/p>\n<p>OBJETO: &#8211; CONTRATACI\u00d3N DEL PROFESIONAL DEL DERECHO, ABOGADA. HERN\u00c1NDEZ DAVILA YANINA GRISEL, D.N.I. N\u00ba 33.484.307 \u00a0POR EL TERMINO DE 12 MESES &#8211; EN DIRECCI\u00d3N GENERAL DE ASUNTOS JUR\u00cdDICOS Y JUDICIALES DEL M.T. Y E.<\/p>\n<p>LUGAR Y DOMICILIO DE PRESENTACI\u00d3N DE OFERTAS: MESA DE ENTRADAS Y SALIDAS DEL MINISTERIO DE TRABAJO Y EMPLEO DE LA PROVINCIA, SITO EN CALLE OBLIGADO N\u00b0 750 \u2013RIO GRANDE \u2013 T.D.F. \u2013 C.P. 9420 O AL CORREO ELECTR\u00d3NICO:CONTABLE@TRABAJOTDF.GOB.AR ; <a href=\"mailto:fsruizt@tierradelfuego.gob.ar\">FSRUIZT@TIERRADELFUEGO.GOB.AR<\/a><\/p>\n<p>CONSULTAS AL CORREO ELECTR\u00d3NICO: CONTABLE@TRABAJOTDF.GOB.AR; <u>FSRUIZT@TIERRADELFUEGO.GOB.AR<\/u>\u00a0\u2013 DIRECCI\u00d3N PROVINCIAL DE COMPRAS CONTRATACIONES Y FONDOS PERMANENTES.<\/p>\n<p>FECHA Y HORA L\u00cdMITE DE PRESENTACI\u00d3N DE OFERTAS: 26\/08\/2025 &#8211; 9:00 HORAS &#8211; SE ADJUNTA: \u00a0FORMULARIO DE SOLICITUD DE COTIZACI\u00d3N COMPRA DIRECTA NRO.000023\/2025 &#8211; RAF 540<\/p>\n<p>EN ESTE CONTEXTO, SE REQUIERE COMPLETAR EL FORMULARIO DE SOLICITUD DE COTIZACI\u00d3N ADJUNTO, RENGL\u00d3N POR RENGL\u00d3N Y PRESENTARLO FIRMADO EN CADA UNA DE SUS HOJAS CON BIROME AZUL POR EL REPRESENTANTE LEGAL DE LA FIRMA, DENTRO DEL PLAZO ESTABLECIDO EN LA MESA DE ENTRADAS Y SALIDAS DEL MINISTERIO DE TRABAJO Y EMPLEO DE LA PROVINCIA, SITO EN LA CALLE JUANA FADUL N\u00ba 204 &#8211; USHUAIA &#8211; T.D.F. &#8211; CP 9410, O AL CORREO ELECTR\u00d3NICO: CONTABLE@TRABAJOTDF.GOB.AR\u00a0Y CC: FSRUIZT@TIERRADELFUEGO.GOB.AR<\/p>\n<p>SE INFORMA QUE EN CASO DE NO ENCONTRARSE INSCRIPTO EN EL REGISTRO DE PROVEEDORES DEL ESTADO (PROTDF) DEBER\u00c1 TRAMITAR EL ALTA CORRESPONDIENTE, DEBIENDO COMUNICARSE A LOS CORREOS ELECTR\u00d3NICOS:\u00a0PROTDFRG@TIERRADELFUEGO.GOB.AR &#8211; PROTDFRG@GMAIL.COM<\/p>\n<p><strong><a href=\"https:\/\/compras.tierradelfuego.gob.ar\/wp-content\/uploads\/2025\/08\/resolucion-sal-n-016-25-mas-cotizacion.pdf\">resolucion-sal-n-016-25-mas-cotizacion<\/a><\/strong><\/p>\n","protected":false},"excerpt":{"rendered":"<p>COMPRA DIRECTA NRO.00023\/2025 &#8211; RAF 540- EXPEDIENTE MTE-E- NRO. 79965-2025- 1849 OBJETO: &#8211; CONTRATACI\u00d3N DEL PROFESIONAL DEL DERECHO, ABOGADA. HERN\u00c1NDEZ DAVILA YANINA GRISEL, D.N.I. N\u00ba 33.484.307 \u00a0POR EL TERMINO DE 12 MESES &#8211; EN DIRECCI\u00d3N GENERAL DE ASUNTOS JUR\u00cdDICOS Y JUDICIALES DEL M.T. Y E. LUGAR Y DOMICILIO DE PRESENTACI\u00d3N DE OFERTAS: MESA DE ENTRADAS [&hellip;]<\/p>\n","protected":false},"author":19,"featured_media":0,"comment_status":"closed","ping_status":"closed","sticky":false,"template":"","format":"standard","meta":{"footnotes":""},"categories":[3,185,11,26],"tags":[],"class_list":["post-250075","post","type-post","status-publish","format-standard","hentry","category-compras","category-con-apertura-proxima","category-directa","category-ministerio-de-trabajo"],"_links":{"self":[{"href":"https:\/\/compras.tierradelfuego.gob.ar\/index.php?rest_route=\/wp\/v2\/posts\/250075","targetHints":{"allow":["GET"]}}],"collection":[{"href":"https:\/\/compras.tierradelfuego.gob.ar\/index.php?rest_route=\/wp\/v2\/posts"}],"about":[{"href":"https:\/\/compras.tierradelfuego.gob.ar\/index.php?rest_route=\/wp\/v2\/types\/post"}],"author":[{"embeddable":true,"href":"https:\/\/compras.tierradelfuego.gob.ar\/index.php?rest_route=\/wp\/v2\/users\/19"}],"replies":[{"embeddable":true,"href":"https:\/\/compras.tierradelfuego.gob.ar\/index.php?rest_route=%2Fwp%2Fv2%2Fcomments&post=250075"}],"version-history":[{"count":1,"href":"https:\/\/compras.tierradelfuego.gob.ar\/index.php?rest_route=\/wp\/v2\/posts\/250075\/revisions"}],"predecessor-version":[{"id":250078,"href":"https:\/\/compras.tierradelfuego.gob.ar\/index.php?rest_route=\/wp\/v2\/posts\/250075\/revisions\/250078"}],"wp:attachment":[{"href":"https:\/\/compras.tierradelfuego.gob.ar\/index.php?rest_route=%2Fwp%2Fv2%2Fmedia&parent=250075"}],"wp:term":[{"taxonomy":"category","embeddable":true,"href":"https:\/\/compras.tierradelfuego.gob.ar\/index.php?rest_route=%2Fwp%2Fv2%2Fcategories&post=250075"},{"taxonomy":"post_tag","embeddable":true,"href":"https:\/\/compras.tierradelfuego.gob.ar\/index.php?rest_route=%2Fwp%2Fv2%2Ftags&post=250075"}],"curies":[{"name":"wp","href":"https:\/\/api.w.org\/{rel}","templated":true}]}}