{"id":248902,"date":"2025-08-11T12:14:42","date_gmt":"2025-08-11T15:14:42","guid":{"rendered":"https:\/\/compras.tierradelfuego.gob.ar\/?p=248902"},"modified":"2025-08-11T12:15:39","modified_gmt":"2025-08-11T15:15:39","slug":"comunicado-y-circular-aclaratoria-n-01-25-referente-al-llamado-a-licitacion-privada-n-05-2025-de-la-obra-refacciones-varias-en-el-gimnasio-ana-giro-245-viviendas-u","status":"publish","type":"post","link":"https:\/\/compras.tierradelfuego.gob.ar\/?p=248902","title":{"rendered":"COMUNICADO Y CIRCULAR ACLARATORIA N\u00b0 01\/25 REFERENTE AL LLAMADO A LICITACI\u00d3N PRIVADA N\u00b0 05\/2025 DE LA OBRA: \u00bb  REFACCIONES VARIAS EN EL GIMNASIO ANA GIRO \u2013 245 VIVIENDAS \u2013 USHUAIA  \u00ab, TRAMITADA POR EXPTE MOSP-E-70287\/2025"},"content":{"rendered":"<p style=\"text-align: center;\">C O M U N I C A D O<\/p>\n<p><span style=\"font-style: inherit; font-weight: inherit;\">\u00a0<\/span><\/p>\n<p><span style=\"font-style: inherit;\">EL MINISTERIO DE OBRAS Y SERVICIOS P\u00daBLICOS DE\u00a0LA PROVINCIA\u00a0DE TIERRA DEL FUEGO, ANT\u00c1RTIDA E ISLAS DEL ATL\u00c1NTICO SUR INFORMA A LAS EMPRESAS QUE HAN ADQUIRIDO EL PLIEGO DE BASES Y CONDICIONES DE LA LICITACI\u00d3N PRIVADA N\u00b0 05\/2025, REFERENTE A LOS TRABAJOS DE LA OBRA REFACCIONES VARIAS EN EL GIMNASIO ANA GIRO \u2013 245 VIVIENDAS \u2013 USHUAIA, QUE SE ENCUENTRA DISPONIBLE PARA RETIRAR LA CIRCULAR ACLARATORIA N\u00b0 1 (SIN CONSULTA).<\/span><\/p>\n<p>&nbsp;<\/p>\n<p>&nbsp;<\/p>\n<p>&nbsp;<\/p>\n<p>&nbsp;<\/p>\n<p><span style=\"font-style: inherit;\">CIRCULAR ACLARATORIA N\u00b0 1 (SIN CONSULTA).<\/span><\/p>\n<p><span style=\"font-style: inherit;\">\u00a0<\/span><\/p>\n<p><span style=\"font-style: inherit;\"><u>LICITACI\u00d3N PRIVADA N\u00b0 05\/2025, REFERENTE A LOS TRABAJOS DE LA OBRA\u00a0<\/u><\/span><\/p>\n<p><u><span style=\"font-style: inherit;\">R<\/span><\/u><strong><u>EFACCIONES<\/u><\/strong><u>\u00a0VARIAS EN EL GIMNASIO ANA\u00a0<\/u><strong><u>GIRO<\/u><\/strong><u>\u00a0\u2013 245 VIVIENDAS \u2013 USHUAIA.<\/u><\/p>\n<p><span style=\"font-style: inherit;\"><u>\u00a0<\/u><\/span><\/p>\n<p><span style=\"font-style: inherit;\">POR MEDIO DE LA PRESENTE CIRCULAR SE INCORPORA LA PLANILLA DE C\u00d3MPUTO Y PRESUPUESTO AL PTO 12. PLANILLA DE C\u00d3MPUTO OFICIAL CON C\u00d3DIGOS DE REDETERMINACI\u00d3N DE LA DOCUMENTACI\u00d3N T\u00c9CNICA DEL PLIEGO APROBADO POR RESOL. V.O. Y S. P. N\u00b0 07\/2025<\/span><\/p>\n<p>&nbsp;<\/p>\n<p>&nbsp;<\/p>\n<p><a href=\"https:\/\/compras.tierradelfuego.gob.ar\/wp-content\/uploads\/2025\/08\/01.comunicado.pdf\">01.comunicado<\/a><\/p>\n<p><a href=\"https:\/\/compras.tierradelfuego.gob.ar\/wp-content\/uploads\/2025\/08\/02.circular-1.pdf\">02.circular<\/a><\/p>\n<p><a href=\"https:\/\/compras.tierradelfuego.gob.ar\/wp-content\/uploads\/2025\/08\/mosp-e-70287-2025-rectificatoria-resol-9.docx\">mosp-e-70287-2025-rectificatoria-resol-9<\/a><\/p>\n","protected":false},"excerpt":{"rendered":"<p>C O M U N I C A D O \u00a0 EL MINISTERIO DE OBRAS Y SERVICIOS P\u00daBLICOS DE\u00a0LA PROVINCIA\u00a0DE TIERRA DEL FUEGO, ANT\u00c1RTIDA E ISLAS DEL ATL\u00c1NTICO SUR INFORMA A LAS EMPRESAS QUE HAN ADQUIRIDO EL PLIEGO DE BASES Y CONDICIONES DE LA LICITACI\u00d3N PRIVADA N\u00b0 05\/2025, REFERENTE A LOS TRABAJOS DE LA OBRA [&hellip;]<\/p>\n","protected":false},"author":17,"featured_media":0,"comment_status":"closed","ping_status":"closed","sticky":false,"template":"","format":"standard","meta":{"footnotes":""},"categories":[3,18,129],"tags":[],"class_list":["post-248902","post","type-post","status-publish","format-standard","hentry","category-compras","category-licitacion-privada","category-ministerio-de-obras-y-serv-publicos"],"_links":{"self":[{"href":"https:\/\/compras.tierradelfuego.gob.ar\/index.php?rest_route=\/wp\/v2\/posts\/248902","targetHints":{"allow":["GET"]}}],"collection":[{"href":"https:\/\/compras.tierradelfuego.gob.ar\/index.php?rest_route=\/wp\/v2\/posts"}],"about":[{"href":"https:\/\/compras.tierradelfuego.gob.ar\/index.php?rest_route=\/wp\/v2\/types\/post"}],"author":[{"embeddable":true,"href":"https:\/\/compras.tierradelfuego.gob.ar\/index.php?rest_route=\/wp\/v2\/users\/17"}],"replies":[{"embeddable":true,"href":"https:\/\/compras.tierradelfuego.gob.ar\/index.php?rest_route=%2Fwp%2Fv2%2Fcomments&post=248902"}],"version-history":[{"count":2,"href":"https:\/\/compras.tierradelfuego.gob.ar\/index.php?rest_route=\/wp\/v2\/posts\/248902\/revisions"}],"predecessor-version":[{"id":248908,"href":"https:\/\/compras.tierradelfuego.gob.ar\/index.php?rest_route=\/wp\/v2\/posts\/248902\/revisions\/248908"}],"wp:attachment":[{"href":"https:\/\/compras.tierradelfuego.gob.ar\/index.php?rest_route=%2Fwp%2Fv2%2Fmedia&parent=248902"}],"wp:term":[{"taxonomy":"category","embeddable":true,"href":"https:\/\/compras.tierradelfuego.gob.ar\/index.php?rest_route=%2Fwp%2Fv2%2Fcategories&post=248902"},{"taxonomy":"post_tag","embeddable":true,"href":"https:\/\/compras.tierradelfuego.gob.ar\/index.php?rest_route=%2Fwp%2Fv2%2Ftags&post=248902"}],"curies":[{"name":"wp","href":"https:\/\/api.w.org\/{rel}","templated":true}]}}