{"id":248454,"date":"2025-08-05T12:46:32","date_gmt":"2025-08-05T15:46:32","guid":{"rendered":"https:\/\/compras.tierradelfuego.gob.ar\/?p=248454"},"modified":"2025-08-05T12:46:44","modified_gmt":"2025-08-05T15:46:44","slug":"resolucion-sub-r-i-n-002-25-y-orden-de-compra-n-002-25-expediente-mte-e-66975-2025-referente-a-la-adjudicacion-sobre-la-contratacion-de-la-profesional-tecnica-en-hi","status":"publish","type":"post","link":"https:\/\/compras.tierradelfuego.gob.ar\/?p=248454","title":{"rendered":"RESOLUCI\u00d3N SUB. R.I. N\u00b0 002-25 Y ORDEN DE COMPRA N\u00b0 002-25 \u2013 EXPEDIENTE MTE- E- 66975-2025 \u2013 REFERENTE A LA ADJUDICACI\u00d3N SOBRE LA CONTRATACI\u00d3N DE LA PROFESIONAL T\u00c9CNICA EN HIGIENE Y SEGURIDAD EN EL TRABAJO GRISELDA DUARTE, POR EL TERMINO DE DOCE (12) MESES EN LA DIRECCI\u00d3N DE HIGIENE Y SEGURIDAD R.G. DEL M.T. Y E., EN EL MARCO DEL R\u00c9GIMEN DE CONTRATACIONES INSTITUIDO POR EL ART\u00cdCULO 18, INCISO K) DE LA LEY PROVINCIAL N\u00b0 1015"},"content":{"rendered":"<p>RESOLUCI\u00d3N SUB. R.I. N\u00b0 002-25\u00a0Y ORDEN DE COMPRA N\u00b0 002-25 \u2013 EXPEDIENTE MTE- E- 66975-2025 \u2013 REFERENTE A LA ADJUDICACI\u00d3N SOBRE LA CONTRATACI\u00d3N DE LA PROFESIONAL T\u00c9CNICA EN HIGIENE Y SEGURIDAD EN EL TRABAJO GRISELDA DUARTE, POR EL TERMINO DE DOCE (12) MESES EN LA DIRECCI\u00d3N DE HIGIENE Y SEGURIDAD R.G. DEL M.T. Y E., EN EL MARCO DEL R\u00c9GIMEN DE CONTRATACIONES INSTITUIDO POR EL ART\u00cdCULO 18, INCISO K) DE LA LEY PROVINCIAL N\u00b0 1015<\/p>\n<p>&nbsp;<\/p>\n<p><a href=\"https:\/\/compras.tierradelfuego.gob.ar\/wp-content\/uploads\/2025\/08\/79-resolucion-sub-r-i-002-25.pdf\">79-resolucion-sub-r-i-002-25<\/a><\/p>\n<p>&nbsp;<\/p>\n<p><a href=\"https:\/\/compras.tierradelfuego.gob.ar\/wp-content\/uploads\/2025\/08\/80-ordencompra.pdf\">80-ordencompra<\/a><\/p>\n","protected":false},"excerpt":{"rendered":"<p>RESOLUCI\u00d3N SUB. R.I. N\u00b0 002-25\u00a0Y ORDEN DE COMPRA N\u00b0 002-25 \u2013 EXPEDIENTE MTE- E- 66975-2025 \u2013 REFERENTE A LA ADJUDICACI\u00d3N SOBRE LA CONTRATACI\u00d3N DE LA PROFESIONAL T\u00c9CNICA EN HIGIENE Y SEGURIDAD EN EL TRABAJO GRISELDA DUARTE, POR EL TERMINO DE DOCE (12) MESES EN LA DIRECCI\u00d3N DE HIGIENE Y SEGURIDAD R.G. DEL M.T. Y E., [&hellip;]<\/p>\n","protected":false},"author":17,"featured_media":0,"comment_status":"closed","ping_status":"closed","sticky":false,"template":"","format":"standard","meta":{"footnotes":""},"categories":[3,11,26],"tags":[],"class_list":["post-248454","post","type-post","status-publish","format-standard","hentry","category-compras","category-directa","category-ministerio-de-trabajo"],"_links":{"self":[{"href":"https:\/\/compras.tierradelfuego.gob.ar\/index.php?rest_route=\/wp\/v2\/posts\/248454","targetHints":{"allow":["GET"]}}],"collection":[{"href":"https:\/\/compras.tierradelfuego.gob.ar\/index.php?rest_route=\/wp\/v2\/posts"}],"about":[{"href":"https:\/\/compras.tierradelfuego.gob.ar\/index.php?rest_route=\/wp\/v2\/types\/post"}],"author":[{"embeddable":true,"href":"https:\/\/compras.tierradelfuego.gob.ar\/index.php?rest_route=\/wp\/v2\/users\/17"}],"replies":[{"embeddable":true,"href":"https:\/\/compras.tierradelfuego.gob.ar\/index.php?rest_route=%2Fwp%2Fv2%2Fcomments&post=248454"}],"version-history":[{"count":1,"href":"https:\/\/compras.tierradelfuego.gob.ar\/index.php?rest_route=\/wp\/v2\/posts\/248454\/revisions"}],"predecessor-version":[{"id":248457,"href":"https:\/\/compras.tierradelfuego.gob.ar\/index.php?rest_route=\/wp\/v2\/posts\/248454\/revisions\/248457"}],"wp:attachment":[{"href":"https:\/\/compras.tierradelfuego.gob.ar\/index.php?rest_route=%2Fwp%2Fv2%2Fmedia&parent=248454"}],"wp:term":[{"taxonomy":"category","embeddable":true,"href":"https:\/\/compras.tierradelfuego.gob.ar\/index.php?rest_route=%2Fwp%2Fv2%2Fcategories&post=248454"},{"taxonomy":"post_tag","embeddable":true,"href":"https:\/\/compras.tierradelfuego.gob.ar\/index.php?rest_route=%2Fwp%2Fv2%2Ftags&post=248454"}],"curies":[{"name":"wp","href":"https:\/\/api.w.org\/{rel}","templated":true}]}}