{"id":248445,"date":"2025-08-05T12:40:53","date_gmt":"2025-08-05T15:40:53","guid":{"rendered":"https:\/\/compras.tierradelfuego.gob.ar\/?p=248445"},"modified":"2025-08-05T12:42:06","modified_gmt":"2025-08-05T15:42:06","slug":"resolucion-sub-r-i-n-003-25-y-orden-de-compra-n-003-25-expediente-mte-e-66600-2025-referente-a-la-adjudicacion-sobre-la-contratacion-de-profesional-para-el-area-de","status":"publish","type":"post","link":"https:\/\/compras.tierradelfuego.gob.ar\/?p=248445","title":{"rendered":"RESOLUCI\u00d3N SUB. R.I. N\u00b0 003-25 Y ORDEN DE COMPRA N\u00b0 003-25 \u2013 EXPEDIENTE MTE- E- 66600-2025 \u2013 REFERENTE A LA ADJUDICACI\u00d3N SOBRE LA CONTRATACI\u00d3N DE PROFESIONAL PARA EL \u00c1REA DE HIG. Y SEG. EN LA CIUDAD DE USHUAIA, EN EL MARCO DEL R\u00c9GIMEN DE CONTRATACIONES INSTITUIDO POR EL ART\u00cdCULO 18, INCISO K) DE LA LEY PROVINCIAL N\u00b0 1015"},"content":{"rendered":"<p>RESOLUCI\u00d3N SUB. R.I. N\u00b0 003-25\u00a0Y ORDEN DE COMPRA N\u00b0 003-25 \u2013 EXPEDIENTE MTE- E- 66600-2025 \u2013 REFERENTE A LA ADJUDICACI\u00d3N SOBRE LA CONTRATACI\u00d3N DE PROFESIONAL PARA EL \u00c1REA DE HIG. Y SEG. EN LA CIUDAD DE USHUAIA, EN EL MARCO DEL R\u00c9GIMEN DE CONTRATACIONES INSTITUIDO POR EL ART\u00cdCULO 18, INCISO K) DE LA LEY PROVINCIAL N\u00b0 1015<\/p>\n<p>&nbsp;<\/p>\n<p>&nbsp;<\/p>\n<p><a href=\"https:\/\/compras.tierradelfuego.gob.ar\/wp-content\/uploads\/2025\/08\/76-resolucion-sub-r-i-003-25.pdf\">76-resolucion-sub-r-i-003-25<\/a><\/p>\n<p>&nbsp;<\/p>\n<p><a href=\"https:\/\/compras.tierradelfuego.gob.ar\/wp-content\/uploads\/2025\/08\/77-ordencompra.pdf\">77-ordencompra<\/a><\/p>\n<p>&nbsp;<\/p>\n","protected":false},"excerpt":{"rendered":"<p>RESOLUCI\u00d3N SUB. R.I. N\u00b0 003-25\u00a0Y ORDEN DE COMPRA N\u00b0 003-25 \u2013 EXPEDIENTE MTE- E- 66600-2025 \u2013 REFERENTE A LA ADJUDICACI\u00d3N SOBRE LA CONTRATACI\u00d3N DE PROFESIONAL PARA EL \u00c1REA DE HIG. Y SEG. EN LA CIUDAD DE USHUAIA, EN EL MARCO DEL R\u00c9GIMEN DE CONTRATACIONES INSTITUIDO POR EL ART\u00cdCULO 18, INCISO K) DE LA LEY PROVINCIAL [&hellip;]<\/p>\n","protected":false},"author":17,"featured_media":0,"comment_status":"closed","ping_status":"closed","sticky":false,"template":"","format":"standard","meta":{"footnotes":""},"categories":[186,3,11,26],"tags":[],"class_list":["post-248445","post","type-post","status-publish","format-standard","hentry","category-adjudicadas","category-compras","category-directa","category-ministerio-de-trabajo"],"_links":{"self":[{"href":"https:\/\/compras.tierradelfuego.gob.ar\/index.php?rest_route=\/wp\/v2\/posts\/248445","targetHints":{"allow":["GET"]}}],"collection":[{"href":"https:\/\/compras.tierradelfuego.gob.ar\/index.php?rest_route=\/wp\/v2\/posts"}],"about":[{"href":"https:\/\/compras.tierradelfuego.gob.ar\/index.php?rest_route=\/wp\/v2\/types\/post"}],"author":[{"embeddable":true,"href":"https:\/\/compras.tierradelfuego.gob.ar\/index.php?rest_route=\/wp\/v2\/users\/17"}],"replies":[{"embeddable":true,"href":"https:\/\/compras.tierradelfuego.gob.ar\/index.php?rest_route=%2Fwp%2Fv2%2Fcomments&post=248445"}],"version-history":[{"count":1,"href":"https:\/\/compras.tierradelfuego.gob.ar\/index.php?rest_route=\/wp\/v2\/posts\/248445\/revisions"}],"predecessor-version":[{"id":248448,"href":"https:\/\/compras.tierradelfuego.gob.ar\/index.php?rest_route=\/wp\/v2\/posts\/248445\/revisions\/248448"}],"wp:attachment":[{"href":"https:\/\/compras.tierradelfuego.gob.ar\/index.php?rest_route=%2Fwp%2Fv2%2Fmedia&parent=248445"}],"wp:term":[{"taxonomy":"category","embeddable":true,"href":"https:\/\/compras.tierradelfuego.gob.ar\/index.php?rest_route=%2Fwp%2Fv2%2Fcategories&post=248445"},{"taxonomy":"post_tag","embeddable":true,"href":"https:\/\/compras.tierradelfuego.gob.ar\/index.php?rest_route=%2Fwp%2Fv2%2Ftags&post=248445"}],"curies":[{"name":"wp","href":"https:\/\/api.w.org\/{rel}","templated":true}]}}